{"id":18317,"date":"2016-11-13T17:50:01","date_gmt":"2016-11-13T16:50:01","guid":{"rendered":"http:\/\/fegrama.cat\/web\/?p=18317"},"modified":"2016-11-13T17:50:01","modified_gmt":"2016-11-13T16:50:01","slug":"el-benjami-e-va-guanyar-al-can-buxeres","status":"publish","type":"post","link":"https:\/\/fegrama.cat\/web\/el-benjami-e-va-guanyar-al-can-buxeres\/","title":{"rendered":"El Benjam\u00ed E va guanyar al Can Buxeres"},"content":{"rendered":"<p>El Benjam\u00ed E va aconseguir guanyar a Les Oliveres al FC Can Buxeres C.<\/p>\n<p>El partit va comen\u00e7ar una mica fred per part dels colomencs que en el minut 5 rebrien el seu primer gol. Despr\u00e9s del 0-1 la Grama es va animar i els jugadors lluitarien cada pilota com si fos l&#8217;\u00faltima. Marcos va posar l&#8217;empat, Hugo va aconseguir el 2-1 i Izan amb dos gols tancaria el partit amb el definitiu 4-2.<\/p>\n<p>Amb una gran intensitat es van emportar tres punts important\u00edssims per seguir a dalt en la lliga.<\/p>\n<p><a href=\"http:\/\/fegrama.cat\/web\/wp-content\/uploads\/2016\/10\/benjE.png\"><img loading=\"lazy\" decoding=\"async\" class=\"aligncenter\" alt=\"benjE\" src=\"http:\/\/fegrama.cat\/web\/wp-content\/uploads\/2016\/10\/benjE.png\" width=\"478\" height=\"391\" \/><\/a><\/p>\n<p>El Benjam\u00edn E consigui\u00f3 ganar en Les Oliveres al FC Can Buxeres C.<\/p>\n<p>El partido comenz\u00f3 un poco fri\u00f3 por parte de los colomenses que en el minuto 5 recibir\u00edan su primer gol. Tras el 0-1 la Grama se vino arriba y los jugadores luchar\u00edan cada pelota como si fuera la \u00faltima. Marcos puso el empate, Hugo consigui\u00f3 el 2-1 e Izan con dos tantos cerrar\u00eda el partido con el definitivo 4-2.<\/p>\n<p>Con una gran intensidad se llevaron tres puntos\u00a0important\u00edsimos para seguir arriba en la liga.<\/p>\n","protected":false},"excerpt":{"rendered":"<p>El Benjam\u00ed E va aconseguir guanyar a Les Oliveres al FC Can Buxeres C. El partit va comen\u00e7ar una mica fred per part dels colomencs que en el minut 5 rebrien el seu primer gol. Despr\u00e9s del 0-1 la Grama es va animar i els jugadors lluitarien cada pilota com si fos l&#8217;\u00faltima. Marcos va [&hellip;]<\/p>\n","protected":false},"author":1,"featured_media":0,"comment_status":"closed","ping_status":"closed","sticky":false,"template":"","format":"standard","meta":{"footnotes":""},"categories":[4,11],"tags":[],"class_list":["post-18317","post","type-post","status-publish","format-standard","hentry","category-base-inclusiu","category-benjamins"],"_links":{"self":[{"href":"https:\/\/fegrama.cat\/web\/wp-json\/wp\/v2\/posts\/18317","targetHints":{"allow":["GET"]}}],"collection":[{"href":"https:\/\/fegrama.cat\/web\/wp-json\/wp\/v2\/posts"}],"about":[{"href":"https:\/\/fegrama.cat\/web\/wp-json\/wp\/v2\/types\/post"}],"author":[{"embeddable":true,"href":"https:\/\/fegrama.cat\/web\/wp-json\/wp\/v2\/users\/1"}],"replies":[{"embeddable":true,"href":"https:\/\/fegrama.cat\/web\/wp-json\/wp\/v2\/comments?post=18317"}],"version-history":[{"count":1,"href":"https:\/\/fegrama.cat\/web\/wp-json\/wp\/v2\/posts\/18317\/revisions"}],"predecessor-version":[{"id":18318,"href":"https:\/\/fegrama.cat\/web\/wp-json\/wp\/v2\/posts\/18317\/revisions\/18318"}],"wp:attachment":[{"href":"https:\/\/fegrama.cat\/web\/wp-json\/wp\/v2\/media?parent=18317"}],"wp:term":[{"taxonomy":"category","embeddable":true,"href":"https:\/\/fegrama.cat\/web\/wp-json\/wp\/v2\/categories?post=18317"},{"taxonomy":"post_tag","embeddable":true,"href":"https:\/\/fegrama.cat\/web\/wp-json\/wp\/v2\/tags?post=18317"}],"curies":[{"name":"wp","href":"https:\/\/api.w.org\/{rel}","templated":true}]}}