{"id":18309,"date":"2016-11-13T17:20:35","date_gmt":"2016-11-13T16:20:35","guid":{"rendered":"http:\/\/fegrama.cat\/web\/?p=18309"},"modified":"2016-11-13T17:20:35","modified_gmt":"2016-11-13T16:20:35","slug":"lalevi-d-es-va-emportar-els-tres-punts-al-derbi","status":"publish","type":"post","link":"https:\/\/fegrama.cat\/web\/lalevi-d-es-va-emportar-els-tres-punts-al-derbi\/","title":{"rendered":"L&#8217;Alev\u00ed D es va emportar els tres punts al derbi"},"content":{"rendered":"<p>Dues vict\u00f2ries seguides per als nois de Ra\u00fal Ru\u00edz que pugen posicions, surten del descens i miren cap amunt. Encara amb pocs entrenaments junts les primeres millores es poden veure i arriben amb bons resultats, aquesta jornada amb vict\u00f2ria per 3-0 davant el CD Arrabal-Calaf de Gramenet B.<\/p>\n<p>Partit complicat davant un rival que li va posar les coses molt dif\u00edcils a la Grama. Primera meitat amb poques ocasions de gol per part dels dos equips, molta igualtat sobre el terreny de joc per\u00f2 un solitari gol de Marc donava avantatge a la Fundaci\u00f3. A la segona meitat el gui\u00f3 va ser el mateix, i el xoc es va decantar del costat blau al final del tercer quart amb gols de Javier i Jordi.<\/p>\n<p>Ja a l&#8217;\u00faltim quart la igualtat va seguir present en el derbi per\u00f2 el marcador no es va moure.<\/p>\n<p style=\"text-align: center;\"><a href=\"http:\/\/fegrama.cat\/web\/wp-content\/uploads\/2016\/11\/AD.jpg\"><img loading=\"lazy\" decoding=\"async\" class=\"aligncenter  wp-image-18310\" alt=\"AD\" src=\"http:\/\/fegrama.cat\/web\/wp-content\/uploads\/2016\/11\/AD.jpg\" width=\"519\" height=\"412\" \/><\/a><\/p>\n<p>Dos victorias seguidas para los chicos de Ra\u00fal Ru\u00edz que suben posiciones, salen del descenso y miran hac\u00eda arriba. Todav\u00eda con pocos entrenamientos juntos las primeras mejoras se pueden ver y llegan con buenos resultados, esta jornada con victoria por 3-0 ante el CD Arrabal-Calaf de Gramenet B.<\/p>\n<p>Partido complicado ante un rival que le puso las cosas muy dif\u00edciles a la Grama. Primera mitad con pocas ocasiones de gol por parte de ambos equipos, mucha igualdad sobre el terreno de juego pero un solitario gol de Marc daba ventaja a la Fundaci\u00f3. En la segunda mitad el gui\u00f3n fue el mismo, y el choque se decant\u00f3 del lado azul\u00f3n al final del tercer cuarto con goles de Javier y Jordi.<\/p>\n<p>En el \u00faltimo cuarto la igualdad sigui\u00f3 presente en el derbi pero el marcador no se movi\u00f3.<\/p>\n","protected":false},"excerpt":{"rendered":"<p>Dues vict\u00f2ries seguides per als nois de Ra\u00fal Ru\u00edz que pugen posicions, surten del descens i miren cap amunt. Encara amb pocs entrenaments junts les primeres millores es poden veure i arriben amb bons resultats, aquesta jornada amb vict\u00f2ria per 3-0 davant el CD Arrabal-Calaf de Gramenet B. Partit complicat davant un rival que li [&hellip;]<\/p>\n","protected":false},"author":1,"featured_media":0,"comment_status":"closed","ping_status":"closed","sticky":false,"template":"","format":"standard","meta":{"footnotes":""},"categories":[10,4],"tags":[],"class_list":["post-18309","post","type-post","status-publish","format-standard","hentry","category-alevins","category-base-inclusiu"],"_links":{"self":[{"href":"https:\/\/fegrama.cat\/web\/wp-json\/wp\/v2\/posts\/18309","targetHints":{"allow":["GET"]}}],"collection":[{"href":"https:\/\/fegrama.cat\/web\/wp-json\/wp\/v2\/posts"}],"about":[{"href":"https:\/\/fegrama.cat\/web\/wp-json\/wp\/v2\/types\/post"}],"author":[{"embeddable":true,"href":"https:\/\/fegrama.cat\/web\/wp-json\/wp\/v2\/users\/1"}],"replies":[{"embeddable":true,"href":"https:\/\/fegrama.cat\/web\/wp-json\/wp\/v2\/comments?post=18309"}],"version-history":[{"count":2,"href":"https:\/\/fegrama.cat\/web\/wp-json\/wp\/v2\/posts\/18309\/revisions"}],"predecessor-version":[{"id":18312,"href":"https:\/\/fegrama.cat\/web\/wp-json\/wp\/v2\/posts\/18309\/revisions\/18312"}],"wp:attachment":[{"href":"https:\/\/fegrama.cat\/web\/wp-json\/wp\/v2\/media?parent=18309"}],"wp:term":[{"taxonomy":"category","embeddable":true,"href":"https:\/\/fegrama.cat\/web\/wp-json\/wp\/v2\/categories?post=18309"},{"taxonomy":"post_tag","embeddable":true,"href":"https:\/\/fegrama.cat\/web\/wp-json\/wp\/v2\/tags?post=18309"}],"curies":[{"name":"wp","href":"https:\/\/api.w.org\/{rel}","templated":true}]}}