{"id":15960,"date":"2016-04-08T09:33:39","date_gmt":"2016-04-08T08:33:39","guid":{"rendered":"http:\/\/fegrama.cat\/web\/?p=15960"},"modified":"2016-04-08T09:33:39","modified_gmt":"2016-04-08T08:33:39","slug":"previes-dels-equips-prebenjamins-9-i-10-dabril","status":"publish","type":"post","link":"https:\/\/fegrama.cat\/web\/previes-dels-equips-prebenjamins-9-i-10-dabril\/","title":{"rendered":"Pr\u00e8vies dels equips Prebenjamins (9 i 10 d\u2019abril)"},"content":{"rendered":"<p><a href=\"http:\/\/fegrama.cat\/web\/wp-content\/uploads\/2013\/12\/DSC1909.jpg\"><img loading=\"lazy\" decoding=\"async\" class=\"aligncenter\" alt=\"Prebenjam\u00ed A 1516\" src=\"http:\/\/fegrama.cat\/web\/wp-content\/uploads\/2013\/12\/DSC1909-1024x664.jpg\" width=\"618\" height=\"400\" \/><\/a><\/p>\n<p><strong>PREBENJAM\u00cd A\u00a0<\/strong><\/p>\n<p>Els nois de Juanma Amate juguen dissabte a les 14:15 hores a Les Oliveres. Els colomencs s&#8217;enfrontaran al CF Unificaci\u00f3n Llefi\u00e0, segon classificat amb dues derrotes seguides en lliga. Partit dif\u00edcil per\u00f2 jugant a gran nivell se&#8217;ls pot derrotar als de Badalona.<\/p>\n<p>Los chicos de Juanma Amate juegan el s\u00e1bado a las 14:15 horas en Les Oliveres. Los colomenses se enfrentar\u00e1n al CF Unificaci\u00f3n Llefi\u00e0, segundo clasificado con dos derrotas seguidas en liga. Partido dif\u00edcil pero jugando a gran nivel se les puede derrotar a los de Badalona.<\/p>\n<div><a href=\"http:\/\/fegrama.cat\/web\/wp-content\/uploads\/2013\/12\/DSC1914.jpg\"><img loading=\"lazy\" decoding=\"async\" class=\"aligncenter\" alt=\"Prebenjam\u00ed B 1516\" src=\"http:\/\/fegrama.cat\/web\/wp-content\/uploads\/2013\/12\/DSC1914-1024x664.jpg\" width=\"618\" height=\"400\" \/><\/a><\/div>\n<p><strong>PREBENJAM\u00cd B\u00a0<\/strong><\/p>\n<p>Dissabte a les 09:15 hores els nois d&#8217;Alejandro i Hugo Rosa tenen partit al camp del FC Can Buxeres. Els locals van per darrere en la classificaci\u00f3 amb set punts menys que els colomencs.<\/p>\n<p>El s\u00e1bado a las 09:15 horas los chicos de Alejandro y Hugo Rosa tienen partido en el campo del FC Can Buxeres. Los locales van por detr\u00e1s en la clasificaci\u00f3n con siete puntos menos que los colomenses.<\/p>\n<p><a href=\"http:\/\/fegrama.cat\/web\/wp-content\/uploads\/2013\/12\/DSC1918.jpg\"><img loading=\"lazy\" decoding=\"async\" class=\"aligncenter\" alt=\"Prebenjam\u00ed C 1516\" src=\"http:\/\/fegrama.cat\/web\/wp-content\/uploads\/2013\/12\/DSC1918-1024x664.jpg\" width=\"618\" height=\"400\" \/><\/a><\/p>\n<p><strong>PREBENJAM\u00cd C\u00a0<\/strong><\/p>\n<p>Diumenge a les 10 hores l&#8217;equip dels Fortea t\u00e9 partit a Badalona. Els locals, CF Unificaci\u00f3n Llefi\u00e0 C, s\u00f3n els cuers de la lliga i en els \u00faltims quatre partits han aconseguit treure dos empats. Un rival que \u00e9s el menys golejador (20 gols) i el que m\u00e9s ha encaixat (113 gols).<\/p>\n<p>El domingo a las 10 horas el equipo de los Fortea tiene partido en Badalona. Los locales, CF Unificaci\u00f3n Llefi\u00e0 C, son los colistas de la liga y en los \u00faltimos cuatro partidos han conseguido sacar dos empates. Un rival que es el menos goleador (20 goles) y el que m\u00e1s ha encajado (113 goles).<\/p>\n<p><a href=\"http:\/\/fegrama.cat\/web\/wp-content\/uploads\/2013\/12\/DSC1920.jpg\"><img loading=\"lazy\" decoding=\"async\" class=\"aligncenter\" alt=\"Prebenjam\u00ed D 1516\" src=\"http:\/\/fegrama.cat\/web\/wp-content\/uploads\/2013\/12\/DSC1920-1024x664.jpg\" width=\"618\" height=\"400\" \/><\/a><\/p>\n<p><strong>PREBENJAM\u00cd D\u00a0<\/strong><\/p>\n<p>Els nois de Mart\u00edn, Adriana i Cristian juguen dissabte a les 13:30 hores a Les Oliveres. S&#8217;enfrontaran al CF Badalona C, 12 punts menys que els de Santa Coloma i dues vict\u00f2ries seguides en lliga.<\/p>\n<p>Los chicos de Mart\u00edn, Adriana y Cristian juegan el s\u00e1bado a las 13:30 horas en Les Oliveres. Se enfrentar\u00e1n al CF Badalona C, doce puntos menos que los de Santa Coloma y dos victorias seguidas en liga.<\/p>\n<p><a href=\"http:\/\/fegrama.cat\/web\/wp-content\/uploads\/2013\/12\/DSC1926.jpg\"><img loading=\"lazy\" decoding=\"async\" class=\"aligncenter\" alt=\"Prebenjam\u00ed E 1516\" src=\"http:\/\/fegrama.cat\/web\/wp-content\/uploads\/2013\/12\/DSC1926-1024x664.jpg\" width=\"618\" height=\"400\" \/><\/a><\/p>\n<p><strong>PREBENJAM\u00cd E\u00a0<\/strong><\/p>\n<p>L&#8217;equip de Miriam i Ariadna t\u00e9 partit dissabte a les 11:30 hores a Les Oliveres. Els locals juguen davant l&#8217;AEF Globalset, cinqu\u00e8 classificat amb nou punts m\u00e9s que les de Santa Coloma que s\u00f3n sisens a la lliga.<\/p>\n<p>El equipo de Miriam y Ariadna tiene partido el s\u00e1bado a las 11:30 horas en Les Oliveres. Los locales juegan ante el AEF Globalset, quinto clasificado con nueve puntos m\u00e1s que las de Santa Coloma que son sextos en la liga.<\/p>\n","protected":false},"excerpt":{"rendered":"<p>PREBENJAM\u00cd A\u00a0 Els nois de Juanma Amate juguen dissabte a les 14:15 hores a Les Oliveres. Els colomencs s&#8217;enfrontaran al CF Unificaci\u00f3n Llefi\u00e0, segon classificat amb dues derrotes seguides en lliga. Partit dif\u00edcil per\u00f2 jugant a gran nivell se&#8217;ls pot derrotar als de Badalona. Los chicos de Juanma Amate juegan el s\u00e1bado a las 14:15 [&hellip;]<\/p>\n","protected":false},"author":1,"featured_media":0,"comment_status":"closed","ping_status":"closed","sticky":false,"template":"","format":"standard","meta":{"footnotes":""},"categories":[4,12],"tags":[],"class_list":["post-15960","post","type-post","status-publish","format-standard","hentry","category-base-inclusiu","category-prebenjamins"],"_links":{"self":[{"href":"https:\/\/fegrama.cat\/web\/wp-json\/wp\/v2\/posts\/15960","targetHints":{"allow":["GET"]}}],"collection":[{"href":"https:\/\/fegrama.cat\/web\/wp-json\/wp\/v2\/posts"}],"about":[{"href":"https:\/\/fegrama.cat\/web\/wp-json\/wp\/v2\/types\/post"}],"author":[{"embeddable":true,"href":"https:\/\/fegrama.cat\/web\/wp-json\/wp\/v2\/users\/1"}],"replies":[{"embeddable":true,"href":"https:\/\/fegrama.cat\/web\/wp-json\/wp\/v2\/comments?post=15960"}],"version-history":[{"count":1,"href":"https:\/\/fegrama.cat\/web\/wp-json\/wp\/v2\/posts\/15960\/revisions"}],"predecessor-version":[{"id":15961,"href":"https:\/\/fegrama.cat\/web\/wp-json\/wp\/v2\/posts\/15960\/revisions\/15961"}],"wp:attachment":[{"href":"https:\/\/fegrama.cat\/web\/wp-json\/wp\/v2\/media?parent=15960"}],"wp:term":[{"taxonomy":"category","embeddable":true,"href":"https:\/\/fegrama.cat\/web\/wp-json\/wp\/v2\/categories?post=15960"},{"taxonomy":"post_tag","embeddable":true,"href":"https:\/\/fegrama.cat\/web\/wp-json\/wp\/v2\/tags?post=15960"}],"curies":[{"name":"wp","href":"https:\/\/api.w.org\/{rel}","templated":true}]}}