{"id":15929,"date":"2016-04-04T10:04:52","date_gmt":"2016-04-04T09:04:52","guid":{"rendered":"http:\/\/fegrama.cat\/web\/?p=15929"},"modified":"2016-04-04T10:04:52","modified_gmt":"2016-04-04T09:04:52","slug":"el-cadet-c-va-caure-a-badalona","status":"publish","type":"post","link":"https:\/\/fegrama.cat\/web\/el-cadet-c-va-caure-a-badalona\/","title":{"rendered":"El Cadet C va caure a Badalona"},"content":{"rendered":"<p>Els nois de Xavi Miralles i Joan Fradera van perdre 3-0 davant el CF Lloreda B, cinquens classificats.<\/p>\n<p>Mal partit dels colomencs que al descans es van anar 1-0 i en la segona meitat van encaixar dos gols m\u00e9s. De nou la mala defensa va fer mal a l&#8217;equip, dos dels tres gols van arribar de c\u00f3rner.<\/p>\n<div>\n<p><a href=\"http:\/\/fegrama.cat\/web\/wp-content\/uploads\/2013\/12\/DSC1823.jpg\"><img loading=\"lazy\" decoding=\"async\" class=\"aligncenter\" alt=\"Cadet C 1516\" src=\"http:\/\/fegrama.cat\/web\/wp-content\/uploads\/2013\/12\/DSC1823-1024x664.jpg\" width=\"618\" height=\"400\" \/><\/a><\/p>\n<\/div>\n<p>Los chicos de Xavi Miralles y Joan Fradera perdieron 3-0 ante el CF Lloreda B, quintos clasificados.<\/p>\n<p>Mal partido de los colomenses que al descanso se fueron 1-0 y en la segunda mitad encajaron dos goles m\u00e1s. De nuevo la mala defensa hizo da\u00f1o al equipo, dos de los tres goles llegaron de c\u00f3rner.<\/p>\n","protected":false},"excerpt":{"rendered":"<p>Els nois de Xavi Miralles i Joan Fradera van perdre 3-0 davant el CF Lloreda B, cinquens classificats. Mal partit dels colomencs que al descans es van anar 1-0 i en la segona meitat van encaixar dos gols m\u00e9s. De nou la mala defensa va fer mal a l&#8217;equip, dos dels tres gols van arribar [&hellip;]<\/p>\n","protected":false},"author":1,"featured_media":14880,"comment_status":"closed","ping_status":"closed","sticky":false,"template":"","format":"standard","meta":{"footnotes":""},"categories":[4,7],"tags":[],"class_list":["post-15929","post","type-post","status-publish","format-standard","has-post-thumbnail","hentry","category-base-inclusiu","category-cadets"],"_links":{"self":[{"href":"https:\/\/fegrama.cat\/web\/wp-json\/wp\/v2\/posts\/15929","targetHints":{"allow":["GET"]}}],"collection":[{"href":"https:\/\/fegrama.cat\/web\/wp-json\/wp\/v2\/posts"}],"about":[{"href":"https:\/\/fegrama.cat\/web\/wp-json\/wp\/v2\/types\/post"}],"author":[{"embeddable":true,"href":"https:\/\/fegrama.cat\/web\/wp-json\/wp\/v2\/users\/1"}],"replies":[{"embeddable":true,"href":"https:\/\/fegrama.cat\/web\/wp-json\/wp\/v2\/comments?post=15929"}],"version-history":[{"count":1,"href":"https:\/\/fegrama.cat\/web\/wp-json\/wp\/v2\/posts\/15929\/revisions"}],"predecessor-version":[{"id":15930,"href":"https:\/\/fegrama.cat\/web\/wp-json\/wp\/v2\/posts\/15929\/revisions\/15930"}],"wp:featuredmedia":[{"embeddable":true,"href":"https:\/\/fegrama.cat\/web\/wp-json\/wp\/v2\/media\/14880"}],"wp:attachment":[{"href":"https:\/\/fegrama.cat\/web\/wp-json\/wp\/v2\/media?parent=15929"}],"wp:term":[{"taxonomy":"category","embeddable":true,"href":"https:\/\/fegrama.cat\/web\/wp-json\/wp\/v2\/categories?post=15929"},{"taxonomy":"post_tag","embeddable":true,"href":"https:\/\/fegrama.cat\/web\/wp-json\/wp\/v2\/tags?post=15929"}],"curies":[{"name":"wp","href":"https:\/\/api.w.org\/{rel}","templated":true}]}}