{"id":15927,"date":"2016-04-04T09:58:22","date_gmt":"2016-04-04T08:58:22","guid":{"rendered":"http:\/\/fegrama.cat\/web\/?p=15927"},"modified":"2016-04-04T09:58:22","modified_gmt":"2016-04-04T08:58:22","slug":"el-cadet-d-va-empatar-a-casa-contra-el-tercer-classificat","status":"publish","type":"post","link":"https:\/\/fegrama.cat\/web\/el-cadet-d-va-empatar-a-casa-contra-el-tercer-classificat\/","title":{"rendered":"El Cadet D va empatar a casa contra el tercer classificat"},"content":{"rendered":"<p>Pensem en positiu, el Cadet D malgrat la punxada d&#8217;aquest cap de setmana, davant el tercer classificat, segueix en primera posici\u00f3 i ara amb tres punts d&#8217;avantatge i el goal-average guanyat al segon de la lliga. Els segons tenen un partit menys i aix\u00f2 fa que hi hagi molta pressi\u00f3 per davant en els set partits que queden.<\/p>\n<p>Mala primera meitat dels colomencs que no van estar frescos en cap moment per\u00f2 tot i aix\u00f2 van aconseguir avan\u00e7ar-se al marcador per mitj\u00e0 de Carlos Gonzalo, i dos minuts despr\u00e9s arribava l&#8217;empat de la UD Parc. A la segona meitat a trav\u00e9s d&#8217;empenta van millorar per\u00f2 no va ser suficient per aconseguir la vict\u00f2ria.<\/p>\n<p>Sergio Camps de penal a deu minuts del final va posar el definitiu 2-2 al marcador.<\/p>\n<div><a href=\"http:\/\/fegrama.cat\/web\/wp-content\/uploads\/2013\/12\/DSC1826.jpg\"><img loading=\"lazy\" decoding=\"async\" class=\"aligncenter\" alt=\"Cadet D 1516\" src=\"http:\/\/fegrama.cat\/web\/wp-content\/uploads\/2013\/12\/DSC1826-1024x664.jpg\" width=\"618\" height=\"400\" \/><\/a><\/div>\n<p>Pensemos en positivo, el Cadete D pese al pinchazo de este fin de semana, ante el tercer clasificado, sigue en primera posici\u00f3n y ahora con tres puntos de ventaja y el goal-average ganado al segundo de la liga. Los segundos tienen un partido menos y eso hace que haya mucha presi\u00f3n por delante en los siete partidos que quedan.<\/p>\n<p>Mala primera mitad de los colomenses que no estuvieron frescos en ning\u00fan momento pero pese a eso consiguieron adelantarse en el marcador por medio de Carlos Gonzalo, y dos minutos despu\u00e9s llegaba el empate de la UD Parc. En la segunda mitad a trav\u00e9s de empuje mejoraron pero no fue suficiente para conseguir la victoria.<\/p>\n<p>Sergio Campos de penalti a diez minutos del final puso el definitivo 2-2 en el marcador.<\/p>\n","protected":false},"excerpt":{"rendered":"<p>Pensem en positiu, el Cadet D malgrat la punxada d&#8217;aquest cap de setmana, davant el tercer classificat, segueix en primera posici\u00f3 i ara amb tres punts d&#8217;avantatge i el goal-average guanyat al segon de la lliga. Els segons tenen un partit menys i aix\u00f2 fa que hi hagi molta pressi\u00f3 per davant en els set [&hellip;]<\/p>\n","protected":false},"author":1,"featured_media":14881,"comment_status":"closed","ping_status":"closed","sticky":false,"template":"","format":"standard","meta":{"footnotes":""},"categories":[4,7],"tags":[],"class_list":["post-15927","post","type-post","status-publish","format-standard","has-post-thumbnail","hentry","category-base-inclusiu","category-cadets"],"_links":{"self":[{"href":"https:\/\/fegrama.cat\/web\/wp-json\/wp\/v2\/posts\/15927","targetHints":{"allow":["GET"]}}],"collection":[{"href":"https:\/\/fegrama.cat\/web\/wp-json\/wp\/v2\/posts"}],"about":[{"href":"https:\/\/fegrama.cat\/web\/wp-json\/wp\/v2\/types\/post"}],"author":[{"embeddable":true,"href":"https:\/\/fegrama.cat\/web\/wp-json\/wp\/v2\/users\/1"}],"replies":[{"embeddable":true,"href":"https:\/\/fegrama.cat\/web\/wp-json\/wp\/v2\/comments?post=15927"}],"version-history":[{"count":1,"href":"https:\/\/fegrama.cat\/web\/wp-json\/wp\/v2\/posts\/15927\/revisions"}],"predecessor-version":[{"id":15928,"href":"https:\/\/fegrama.cat\/web\/wp-json\/wp\/v2\/posts\/15927\/revisions\/15928"}],"wp:featuredmedia":[{"embeddable":true,"href":"https:\/\/fegrama.cat\/web\/wp-json\/wp\/v2\/media\/14881"}],"wp:attachment":[{"href":"https:\/\/fegrama.cat\/web\/wp-json\/wp\/v2\/media?parent=15927"}],"wp:term":[{"taxonomy":"category","embeddable":true,"href":"https:\/\/fegrama.cat\/web\/wp-json\/wp\/v2\/categories?post=15927"},{"taxonomy":"post_tag","embeddable":true,"href":"https:\/\/fegrama.cat\/web\/wp-json\/wp\/v2\/tags?post=15927"}],"curies":[{"name":"wp","href":"https:\/\/api.w.org\/{rel}","templated":true}]}}