{"id":15925,"date":"2016-04-04T09:52:00","date_gmt":"2016-04-04T08:52:00","guid":{"rendered":"http:\/\/fegrama.cat\/web\/?p=15925"},"modified":"2016-04-04T09:52:00","modified_gmt":"2016-04-04T08:52:00","slug":"el-juvenil-cadet-va-caure-contra-el-sant-andreu","status":"publish","type":"post","link":"https:\/\/fegrama.cat\/web\/el-juvenil-cadet-va-caure-contra-el-sant-andreu\/","title":{"rendered":"El Juvenil-Cadet va caure contra el Sant Andreu"},"content":{"rendered":"<p>Les grans de la Fundaci\u00f3 van caure 1-8 a Les Oliveres davant la UE Sant Andreu, terceres classificades.<\/p>\n<p>Dues parts totalment diferents, aquesta va ser la clau del partit. Molt bona primera meitat de les colomenques que van plantar cara a un rival que aspira a l&#8217;ascens i venia amb necessitat de guanyar. Les visitants van marxar al descans amb un resultat de 0-1 i en la segona meitat el cansament va passar factura a la Fundaci\u00f3 que va aguantar i va lluitar fins al final per\u00f2 sense sort, Paula Esp\u00edn va marcar el gol local.<\/p>\n<p><a href=\"http:\/\/fegrama.cat\/web\/wp-content\/uploads\/2013\/12\/DSC1812.jpg\"><img loading=\"lazy\" decoding=\"async\" class=\"aligncenter\" alt=\"Juvenil-Cadet 1516\" src=\"http:\/\/fegrama.cat\/web\/wp-content\/uploads\/2013\/12\/DSC1812-1024x664.jpg\" width=\"618\" height=\"400\" \/><\/a><\/p>\n<p>Las grandes de la Fundaci\u00f3 cayeron 1-8 en Les Oliveres ante la UE Sant Andreu, terceras clasificadas.<\/p>\n<p>Dos partes totalmente diferentes, esa fue la clave del partido. Muy buena primera mitad de las colomenses que plantaron cara a un rival que aspira al ascenso y ven\u00eda con necesidad de ganar. Las visitantes se fueron al descanso con un resultado de 0-1 y en la segunda mitad el cansancio pas\u00f3 factura a la Fundaci\u00f3 que aguant\u00f3 y luch\u00f3 hasta el final pero sin suerte, Paula Esp\u00edn marc\u00f3 el gol local.<\/p>\n","protected":false},"excerpt":{"rendered":"<p>Les grans de la Fundaci\u00f3 van caure 1-8 a Les Oliveres davant la UE Sant Andreu, terceres classificades. Dues parts totalment diferents, aquesta va ser la clau del partit. Molt bona primera meitat de les colomenques que van plantar cara a un rival que aspira a l&#8217;ascens i venia amb necessitat de guanyar. Les visitants [&hellip;]<\/p>\n","protected":false},"author":1,"featured_media":14877,"comment_status":"closed","ping_status":"closed","sticky":false,"template":"","format":"standard","meta":{"footnotes":""},"categories":[4,13],"tags":[],"class_list":["post-15925","post","type-post","status-publish","format-standard","has-post-thumbnail","hentry","category-base-inclusiu","category-femeni"],"_links":{"self":[{"href":"https:\/\/fegrama.cat\/web\/wp-json\/wp\/v2\/posts\/15925","targetHints":{"allow":["GET"]}}],"collection":[{"href":"https:\/\/fegrama.cat\/web\/wp-json\/wp\/v2\/posts"}],"about":[{"href":"https:\/\/fegrama.cat\/web\/wp-json\/wp\/v2\/types\/post"}],"author":[{"embeddable":true,"href":"https:\/\/fegrama.cat\/web\/wp-json\/wp\/v2\/users\/1"}],"replies":[{"embeddable":true,"href":"https:\/\/fegrama.cat\/web\/wp-json\/wp\/v2\/comments?post=15925"}],"version-history":[{"count":1,"href":"https:\/\/fegrama.cat\/web\/wp-json\/wp\/v2\/posts\/15925\/revisions"}],"predecessor-version":[{"id":15926,"href":"https:\/\/fegrama.cat\/web\/wp-json\/wp\/v2\/posts\/15925\/revisions\/15926"}],"wp:featuredmedia":[{"embeddable":true,"href":"https:\/\/fegrama.cat\/web\/wp-json\/wp\/v2\/media\/14877"}],"wp:attachment":[{"href":"https:\/\/fegrama.cat\/web\/wp-json\/wp\/v2\/media?parent=15925"}],"wp:term":[{"taxonomy":"category","embeddable":true,"href":"https:\/\/fegrama.cat\/web\/wp-json\/wp\/v2\/categories?post=15925"},{"taxonomy":"post_tag","embeddable":true,"href":"https:\/\/fegrama.cat\/web\/wp-json\/wp\/v2\/tags?post=15925"}],"curies":[{"name":"wp","href":"https:\/\/api.w.org\/{rel}","templated":true}]}}