{"id":11880,"date":"2015-06-08T11:37:34","date_gmt":"2015-06-08T10:37:34","guid":{"rendered":"http:\/\/fegrama.cat\/web\/?p=11880"},"modified":"2015-06-08T11:37:34","modified_gmt":"2015-06-08T10:37:34","slug":"lamateur-va-guanyar-al-montsant-en-partit-amistos","status":"publish","type":"post","link":"https:\/\/fegrama.cat\/web\/lamateur-va-guanyar-al-montsant-en-partit-amistos\/","title":{"rendered":"L&#8217;Amateur va guanyar al Montsant en partit amist\u00f3s"},"content":{"rendered":"<p>Partit amist\u00f3s, per\u00f2 no menys interessant el que van disputar l&#8217;equip amateur de la Fundaci\u00f3 Esportiva Grama i el Montsant de la Peira. Un &#8216;match&#8217; que serveix per mantenir el nivell fins que finalitzi el mes de juny i que, tot i tractant-se d&#8217;un amist\u00f3s, la Grama, va jugar amb la mateixa serietat que en els xocs propis de competici\u00f3.<\/p>\n<p>La primera part no va poder comen\u00e7ar millor per als locals, ja que als dos minuts s&#8217;havien avan\u00e7at en el marcador, amb un gol des de fora de l&#8217;\u00e0rea, despr\u00e9s d&#8217;un xut que es va colar sense remissi\u00f3 a la porteria del Montsant. A partir d&#8217;aquest instant i amb el cron\u00f2metre acabat de posar en funcionament, els locals es van fer amb el control del joc, generant diverses ocasions i posant en serioses dificultats al portal contrari.<\/p>\n<p>Joc efectiu que va permetre als colomencs situar-se amb un 3-0 al marcador, deixant clar qui tenia el control del partit. Els visitants en aquests primers 45 minuts es van dedicar a contenir i crear t\u00edmides oportunitats, sent en una d&#8217;elles en la que provocarien un penal assenyalat per l&#8217;\u00e0rbitre. Gr\u00e0cies a aquest llan\u00e7ament de pena m\u00e0xima aconseguirien el que seria l&#8217;\u00fanic gol en el seu haver.<\/p>\n<p>A la segona part i amb un sol de just\u00edcia, la t\u00f2nica del joc va ser la mateixa. El domini de la Grama es feia patent en el rectangle de joc i aix\u00f2 va propiciar que arribessin quatre gols mes, tancant el marcador en un clar 7-1. Resultat just a tenor del presenciat durant els noranta minuts reglamentaris.<\/p>\n<blockquote><p><strong>Ram\u00f3n Carranza (entrenador):<\/strong><em> \u00abBon test per incorporar als juvenils a la categoria amateur. Control absolut i bon ritme tot i la calor. A la 2\u00aa traiem un onze gaireb\u00e9 nou i no baixem el ritme. Les ocasions van caient i amb elles els gols. una distracci\u00f3 en defensa que acaba en penal va ser l&#8217;\u00fanic bagatge del rival. Pen\u00faltim partit d&#8217;una temporada excel\u00b7lent \u00ab.<\/em><\/p><\/blockquote>\n<p><a href=\"http:\/\/fegrama.cat\/web\/wp-content\/uploads\/2015\/04\/fegamatcamisetaconmemorativa.jpg\"><img loading=\"lazy\" decoding=\"async\" class=\"aligncenter size-full wp-image-10655\" alt=\"fegamatcamisetaconmemorativa\" src=\"http:\/\/fegrama.cat\/web\/wp-content\/uploads\/2015\/04\/fegamatcamisetaconmemorativa.jpg\" width=\"800\" height=\"600\" srcset=\"https:\/\/fegrama.cat\/web\/wp-content\/uploads\/2015\/04\/fegamatcamisetaconmemorativa.jpg 800w, https:\/\/fegrama.cat\/web\/wp-content\/uploads\/2015\/04\/fegamatcamisetaconmemorativa-300x225.jpg 300w\" sizes=\"auto, (max-width: 800px) 100vw, 800px\" \/><\/a><\/p>\n<p>Partido amistoso, pero no menos interesante el que disputaron el equipo amateur de la Fundaci\u00f3 Esportiva Grama y el Montsant de la Peira. Un encuentro que sirve para mantener el nivel hasta que finalice el mes de junio y que, a\u00fan trat\u00e1ndose de un amistoso, la Grama, jug\u00f3 con la misma seriedad que en los choques propios de competici\u00f3n.<\/p>\n<p>La primera parte no pudo empezar mejor para los locales, ya que a los dos minutos se hab\u00edan avanzado en el marcador, con un gol desde fuera del \u00e1rea, tras un disparo que se col\u00f3 sin remisi\u00f3n en la porter\u00eda del Montsant. A partir de ese instante y con el cron\u00f3metro reci\u00e9n puesto en funcionamiento, los locales se hicieron con el control del juego, generando varias ocasiones y poniendo en serios apuros el portal contrario.<\/p>\n<p>Juego efectivo que permiti\u00f3 a los colomenses situarse con un 3-0 en el marcador, dejando claro quien ten\u00eda el control del partido. Los visitantes en estos primeros 45 minutos se dedicaron a contener y crear t\u00edmidas oportunidades, siendo en una de ellas en la que provocar\u00edan un penalti se\u00f1alado por el \u00e1rbitro. Gracias a ese lanzamiento de pena m\u00e1xima conseguir\u00edan lo que ser\u00eda el \u00fanico gol en su haber.<\/p>\n<p>En la segunda parte y con un sol de justicia, la t\u00f3nica del juego fue la misma. El dominio de la Grama se hac\u00eda patente en el rect\u00e1ngulo de juego y ello propici\u00f3 que llegaran cuatro goles mas, cerrando el marcador en un claro 7-1. Resultado justo a tenor de lo presenciado durante los noventa minutos reglamentarios.<\/p>\n<blockquote><p>Ram\u00f3n Carranza (entrenador): \u00abBuen test para incorporar a los juveniles a la categor\u00eda amateur. Control absoluto y buen ritmo a pesar del calor. En la 2\u00aa sacamos un once casi nuevo y no bajamos el ritmo. Las ocasiones van cayendo y con ellas los goles. Un despiste en defensa que acaba en penalti \u00fanico bagaje del rival. Pen\u00faltimo partido de una temporada sobresaliente\u00bb.<\/p><\/blockquote>\n","protected":false},"excerpt":{"rendered":"<p>Partit amist\u00f3s, per\u00f2 no menys interessant el que van disputar l&#8217;equip amateur de la Fundaci\u00f3 Esportiva Grama i el Montsant de la Peira. Un &#8216;match&#8217; que serveix per mantenir el nivell fins que finalitzi el mes de juny i que, tot i tractant-se d&#8217;un amist\u00f3s, la Grama, va jugar amb la mateixa serietat que en [&hellip;]<\/p>\n","protected":false},"author":1,"featured_media":0,"comment_status":"closed","ping_status":"closed","sticky":false,"template":"","format":"standard","meta":{"footnotes":""},"categories":[4,5],"tags":[],"class_list":["post-11880","post","type-post","status-publish","format-standard","hentry","category-base-inclusiu","category-primer-equip"],"_links":{"self":[{"href":"https:\/\/fegrama.cat\/web\/wp-json\/wp\/v2\/posts\/11880","targetHints":{"allow":["GET"]}}],"collection":[{"href":"https:\/\/fegrama.cat\/web\/wp-json\/wp\/v2\/posts"}],"about":[{"href":"https:\/\/fegrama.cat\/web\/wp-json\/wp\/v2\/types\/post"}],"author":[{"embeddable":true,"href":"https:\/\/fegrama.cat\/web\/wp-json\/wp\/v2\/users\/1"}],"replies":[{"embeddable":true,"href":"https:\/\/fegrama.cat\/web\/wp-json\/wp\/v2\/comments?post=11880"}],"version-history":[{"count":2,"href":"https:\/\/fegrama.cat\/web\/wp-json\/wp\/v2\/posts\/11880\/revisions"}],"predecessor-version":[{"id":11883,"href":"https:\/\/fegrama.cat\/web\/wp-json\/wp\/v2\/posts\/11880\/revisions\/11883"}],"wp:attachment":[{"href":"https:\/\/fegrama.cat\/web\/wp-json\/wp\/v2\/media?parent=11880"}],"wp:term":[{"taxonomy":"category","embeddable":true,"href":"https:\/\/fegrama.cat\/web\/wp-json\/wp\/v2\/categories?post=11880"},{"taxonomy":"post_tag","embeddable":true,"href":"https:\/\/fegrama.cat\/web\/wp-json\/wp\/v2\/tags?post=11880"}],"curies":[{"name":"wp","href":"https:\/\/api.w.org\/{rel}","templated":true}]}}