{"id":9995,"date":"2015-03-10T18:36:33","date_gmt":"2015-03-10T17:36:33","guid":{"rendered":"http:\/\/fegrama.cat\/web\/?p=9995"},"modified":"2015-03-10T18:36:33","modified_gmt":"2015-03-10T17:36:33","slug":"linfantil-d-va-guanyar-al-santa-eulalia","status":"publish","type":"post","link":"http:\/\/fegrama.cat\/web\/linfantil-d-va-guanyar-al-santa-eulalia\/","title":{"rendered":"L&#8217;Infantil \u00abD\u00bb va guanyar al Santa Eul\u00e0lia"},"content":{"rendered":"<p>Partit matiner de l&#8217;Infantil D a Santa Eul\u00e0lia. Equip que a priori semblava complicat donat l&#8217;empat que trec en l&#8217;anada del Municipal, nom\u00e9s puc aguantar la primera part el setge dels colomencs. A la primera part Javi Lopez des de mig camp marcava un aut\u00e8ntic gol\u00e0s i posava per davant a l&#8217;equip, poc abans del descans un xut des de fora de l&#8217;\u00e0rea que va botar davant d&#8217;Adri\u00e1n Gir\u00f3n es col dins de la porteria deixant a 1 l&#8217;empat al descans.<\/p>\n<p>Ja a la segona part i amb un canvi de sistema l&#8217;equip va saber reaccionar i cada ocasi\u00f3 era un gol, Kilian de penal despr\u00e9s d&#8217;una bona jugada d&#8217;Alex Fern\u00e1ndez, Iker Altamirano empenyent una pilota al segon pal al qual res va poder fer el porter local i javi Lopez de nou posaven el definitiu 1-4 per l&#8217;infantil d que segueix tercer a dos punts del segon.<\/p>\n<p><a href=\"http:\/\/fegrama.cat\/web\/wp-content\/uploads\/2014\/12\/INFANTIL-DFUNDACIO-GRAMA-SANTA-COLOMA1.jpg\"><img loading=\"lazy\" decoding=\"async\" class=\"aligncenter size-full wp-image-8395\" alt=\"INFANTIL DFUNDACIO GRAMA SANTA COLOMA\" src=\"http:\/\/fegrama.cat\/web\/wp-content\/uploads\/2014\/12\/INFANTIL-DFUNDACIO-GRAMA-SANTA-COLOMA1.jpg\" width=\"640\" height=\"480\" srcset=\"http:\/\/fegrama.cat\/web\/wp-content\/uploads\/2014\/12\/INFANTIL-DFUNDACIO-GRAMA-SANTA-COLOMA1.jpg 640w, http:\/\/fegrama.cat\/web\/wp-content\/uploads\/2014\/12\/INFANTIL-DFUNDACIO-GRAMA-SANTA-COLOMA1-300x225.jpg 300w\" sizes=\"auto, (max-width: 640px) 100vw, 640px\" \/><\/a><\/p>\n<p>Partido tempranero del Infantil D en Santa Eul\u00e0lia. Equipo que a priori parec\u00eda complicado dado el empate que saco en la ida del Municipal, solo puedo aguantar la primera parte el asedio de los colomencs. En la primera Parte Javi Lopez desde medio campo marcaba un aut\u00e9ntico golazo y pon\u00eda por delante al equipo, poco antes del descanso un chute desde fuera del \u00e1rea que bot\u00f3 delante de Adri\u00e1n Gir\u00f3n se colo dentro de la porter\u00eda dejando a 1 el empate al descanso.<\/p>\n<p>Ya en la segunda parte y con un cambio de sistema el equipo supo reacci\u00f3nar y cada ocasi\u00f3n era un gol, Kilian de penalti tras una buena jugada de Alex Fern\u00e1ndez, Iker Altamirano empujando un bal\u00f3n al segundo palo al que nada pudo hacer el portero local y Javi Lopez de nuevo pon\u00edan el definitivo 1-4 para el infantil D que sigue tercero a dos puntos del segundo.<\/p>\n","protected":false},"excerpt":{"rendered":"<p>Partit matiner de l&#8217;Infantil D a Santa Eul\u00e0lia. Equip que a priori semblava complicat donat l&#8217;empat que trec en l&#8217;anada del Municipal, nom\u00e9s puc aguantar la primera part el setge dels colomencs. A la primera part Javi Lopez des de mig camp marcava un aut\u00e8ntic gol\u00e0s i posava per davant a l&#8217;equip, poc abans del [&hellip;]<\/p>\n","protected":false},"author":1,"featured_media":0,"comment_status":"closed","ping_status":"closed","sticky":false,"template":"","format":"standard","meta":{"footnotes":""},"categories":[4,9],"tags":[],"class_list":["post-9995","post","type-post","status-publish","format-standard","hentry","category-base-inclusiu","category-infantils"],"_links":{"self":[{"href":"http:\/\/fegrama.cat\/web\/wp-json\/wp\/v2\/posts\/9995","targetHints":{"allow":["GET"]}}],"collection":[{"href":"http:\/\/fegrama.cat\/web\/wp-json\/wp\/v2\/posts"}],"about":[{"href":"http:\/\/fegrama.cat\/web\/wp-json\/wp\/v2\/types\/post"}],"author":[{"embeddable":true,"href":"http:\/\/fegrama.cat\/web\/wp-json\/wp\/v2\/users\/1"}],"replies":[{"embeddable":true,"href":"http:\/\/fegrama.cat\/web\/wp-json\/wp\/v2\/comments?post=9995"}],"version-history":[{"count":1,"href":"http:\/\/fegrama.cat\/web\/wp-json\/wp\/v2\/posts\/9995\/revisions"}],"predecessor-version":[{"id":9996,"href":"http:\/\/fegrama.cat\/web\/wp-json\/wp\/v2\/posts\/9995\/revisions\/9996"}],"wp:attachment":[{"href":"http:\/\/fegrama.cat\/web\/wp-json\/wp\/v2\/media?parent=9995"}],"wp:term":[{"taxonomy":"category","embeddable":true,"href":"http:\/\/fegrama.cat\/web\/wp-json\/wp\/v2\/categories?post=9995"},{"taxonomy":"post_tag","embeddable":true,"href":"http:\/\/fegrama.cat\/web\/wp-json\/wp\/v2\/tags?post=9995"}],"curies":[{"name":"wp","href":"https:\/\/api.w.org\/{rel}","templated":true}]}}