{"id":9986,"date":"2015-03-10T12:47:24","date_gmt":"2015-03-10T11:47:24","guid":{"rendered":"http:\/\/fegrama.cat\/web\/?p=9986"},"modified":"2015-03-13T16:14:56","modified_gmt":"2015-03-13T15:14:56","slug":"analitzant-els-nois-del-prebenjami-e","status":"publish","type":"post","link":"http:\/\/fegrama.cat\/web\/analitzant-els-nois-del-prebenjami-e\/","title":{"rendered":"Analitzant els nois del Prebenjam\u00ed \u00abE\u00bb"},"content":{"rendered":"<p>Aquesta setmana portem un reportatge diferent als altres. Aquesta vegada ser\u00e0 un <strong>1&#215;1 dels jugadors<\/strong> que componen el <strong>Prebenjam\u00ed \u00abE\u00bb<\/strong> de la <strong>Fundaci\u00f3 Esportiva Grama<\/strong>. Aquest equip juga a <strong>CADECA<\/strong> i a dia d&#8217;avui es troba a la meitat de taula, <strong>d\u00e8cims<\/strong>, fent realment molt bona temporada ja que recordem que \u00e9s el primer any d&#8217;aquests joves futbolistes.<\/p>\n<p><strong>Izan:<\/strong> Lateral. No es complica a l&#8217;hora de passar la pilota i de vegades mostra t\u00e8cnica.<br \/>\n<strong>Deyvis:<\/strong> Lateral. Genial al tall i defensa s\u00f2lid malgrat que li falti un punt de velocitat.<br \/>\n<strong>Henry:<\/strong> Central o mig centre. Molt prec\u00eds en les passades, mesura b\u00e9 la cru\u00eflla en defensa, lluita fins al final, jugador amb futur.<br \/>\n<strong>Aleix: <\/strong>Central o mig centre. Molt r\u00e0pid, molt prec\u00eds, pot\u00e8ncia, ritme, tamb\u00e9 jugador prometedor.<br \/>\n<strong>Manuel:<\/strong> Central. Jugador alt, li falta agafar ritme encara, jugador amb molta falta.<\/p>\n<p><a href=\"http:\/\/fegrama.cat\/web\/wp-content\/uploads\/2014\/12\/PREBENJAM\u00cd-EFUNDACIO-GRAMA-SANTA-COLOMA.jpg\"><img loading=\"lazy\" decoding=\"async\" class=\"aligncenter\" alt=\"PREBENJAM\u00cd EFUNDACIO GRAMA SANTA COLOMA\" src=\"http:\/\/fegrama.cat\/web\/wp-content\/uploads\/2014\/12\/PREBENJAM\u00cd-EFUNDACIO-GRAMA-SANTA-COLOMA.jpg\" width=\"512\" height=\"384\" \/><\/a><\/p>\n<p><strong>Rayan:<\/strong> Sense posici\u00f3 assignada. Esquerr\u00e0, amb ganes per\u00f2 encara sense ritme.<br \/>\n<strong>Antony:<\/strong> Sense posici\u00f3 assignada. Li falta molt ritme per\u00f2 endollat \u200b\u200bt\u00e9 velocitat i tir potent.<br \/>\n<strong>Ismael:<\/strong> Davanter centre o mig dret\/esquerre. Amb moltes ganes i li fica intensitat, nova incorporaci\u00f3 (per tant falta molt de ritme).<br \/>\n<strong>Samuel:<\/strong> Extrem. R\u00e0pid, t\u00e8cnic, bona passada, bon xut, visi\u00f3 de joc i li falta l&#8217;\u00faltima passada de la jugada.<br \/>\n<strong>Albert:<\/strong> Pitxitxi de l&#8217;equip. Jugador alt, b\u00e9 de cap, xut fort\u00edssim, t\u00e8cnic, lluitador, r\u00e0pid, davanter centre pur, No hi ha partit que no marqui.<\/p>\n<p><strong>Marc M\u00farcia<\/strong> i <strong>David Poyato<\/strong>\u00a0van comen\u00e7ar a les banquetes del <strong>Prebenjam\u00ed \u00abE\u00bb<\/strong>. Tant per un com per l&#8217;altre era el primer any i l&#8217;objectiu que es van marcar va ser formar un bloc com a equip per\u00f2 evidentment sense aspirar a res ja que tots els jugadors per primera vegada jugaven a futbol.<\/p>\n<p>Al temps Marc no complia amb les expectatives i David es va haver de quedar un parell de mesos nom\u00e9s ell fins que fa ara unes 3 setmanes va arribar <strong>Alejandro<\/strong> per ajudar-lo.\u00a0<strong>Juan Cervantes<\/strong>, entrenador <strong>Escola B<\/strong>, tamb\u00e9 els ofereix la seva ajuda en moltes ocasions.<\/p>\n<blockquote><p><strong>David Poyato:<\/strong> <em>\u00abL&#8217;equip esta gaireb\u00e9 format i la millora dins del camp es nota de forma pronunciada, jo que des del dia 1 he estat amb l&#8217;equip noto la millora i per a final de temporada tindrem l&#8217;objectiu que ten\u00edem marcat.\u00bb<\/em><\/p><\/blockquote>\n<p><a href=\"http:\/\/fegrama.cat\/web\/wp-content\/uploads\/2015\/03\/prebE100315.jpg\"><img loading=\"lazy\" decoding=\"async\" class=\"aligncenter\" alt=\"prebE100315\" src=\"http:\/\/fegrama.cat\/web\/wp-content\/uploads\/2015\/03\/prebE100315.jpg\" width=\"529\" height=\"307\" \/><\/a><\/p>\n<p>Esta semana traemos un reportaje distinto a los dem\u00e1s. Esta vez ser\u00e1 un <strong>1&#215;1 de los jugadores<\/strong> que componen el<strong> Prebenjam\u00edn \u00abE\u00bb<\/strong> de la Fundaci\u00f3 Esportiva Grama. Este equipo juega en<strong> CADECA<\/strong> y a d\u00eda de hoy se encuentra en mitad de tabla, d\u00e9cimos, haciendo realmente muy buena temporada pues recordemos que es el primer a\u00f1o de estos j\u00f3venes futbolistas.<\/p>\n<p><strong>Izan:<\/strong> Lateral. No se complica a la hora de pasar el bal\u00f3n y a veces muestra t\u00e9cnica.<br \/>\n<strong>Deyvis:<\/strong> Lateral. Genial al corte y defensa s\u00f3lido pese a que le falte un punto de velocidad.<br \/>\n<strong>Henry:<\/strong> Central o medio centro. Muy preciso en los pases, mide bien el cruce en defensa, lucha hasta el final, jugador con futuro.<br \/>\n<strong>Aleix:<\/strong> Central o medio centro. Muy r\u00e1pido, muy preciso, potencia, ritmo, tambi\u00e9n jugador prometedor.<br \/>\n<strong>Manuel:<\/strong> Central. Jugador alto, le falta coger ritmo todav\u00eda, jugador con mucha falta.<\/p>\n<p style=\"text-align: center;\"><a href=\"http:\/\/fegrama.cat\/web\/wp-content\/uploads\/2014\/12\/PREBENJAM\u00cd-EFUNDACIO-GRAMA-SANTA-COLOMA.jpg\"><img loading=\"lazy\" decoding=\"async\" class=\"aligncenter  wp-image-8471\" alt=\"PREBENJAM\u00cd EFUNDACIO GRAMA SANTA COLOMA\" src=\"http:\/\/fegrama.cat\/web\/wp-content\/uploads\/2014\/12\/PREBENJAM\u00cd-EFUNDACIO-GRAMA-SANTA-COLOMA.jpg\" width=\"512\" height=\"384\" srcset=\"http:\/\/fegrama.cat\/web\/wp-content\/uploads\/2014\/12\/PREBENJAM\u00cd-EFUNDACIO-GRAMA-SANTA-COLOMA.jpg 640w, http:\/\/fegrama.cat\/web\/wp-content\/uploads\/2014\/12\/PREBENJAM\u00cd-EFUNDACIO-GRAMA-SANTA-COLOMA-300x225.jpg 300w\" sizes=\"auto, (max-width: 512px) 100vw, 512px\" \/><\/a><\/p>\n<p><strong>Rayan:<\/strong>\u00a0Sin posici\u00f3n asignada. Zurdo, con ganas pero todav\u00eda sin ritmo.<br \/>\n<strong>Antony:<\/strong> Sin posici\u00f3n asignada. Le falta mucho ritmo pero enchufado tiene velocidad y tiro potente.<br \/>\n<strong>Ismael:<\/strong>\u00a0Delantero centro o medio derecho\/izquierdo. Con muchas ganas y le mete intensidad, nueva incorporaci\u00f3n (por lo tanto falta mucho ritmo).<br \/>\n<strong>Samuel:<\/strong>\u00a0Extremo. R\u00e1pido, t\u00e9cnico, buen pase, buen chute, visi\u00f3n de juego y le falta el \u00faltimo pase de la jugada.<br \/>\n<strong>Albert:<\/strong> Pichichi del equipo. Jugador alto, bien de cabeza, chute fort\u00edsimo, t\u00e9cnico, luchador, r\u00e1pido, delantero centro puro, No hay partido que no marque.<\/p>\n<p><strong>Marc Murcia<\/strong> y\u00a0<strong>David Poyato<\/strong>\u00a0empezaron en los banquillos del\u00a0<strong>Prebenjam\u00edn \u00abE\u00bb<\/strong>. Tanto\u00a0para uno como para el otro era el primer a\u00f1o y el objetivo que se marcaron fue formar un bloque como equipo pero evidentemente sin aspirar a nada ya que todos los jugadores por primera vez jugaban a f\u00fatbol.<\/p>\n<p>Al tiempo Marc no cumpl\u00eda\u00a0con las expectativas y David se tuvo que quedar un par de meses solo hasta que hace ahora unas 3 semanas\u00a0lleg\u00f3 <strong>Alejandro<\/strong>\u00a0para ayudarlo.\u00a0Juan Cervantes, entrenador Escuela B, tambi\u00e9n les ofrece su ayuda en muchas ocasiones.<\/p>\n<blockquote><p>David Poyato: \u00abEl equipo esta casi formado y la mejor\u00eda dentro del campo se nota de forma pronunciada, yo que desde el dia 1 he estado con el equipo noto la mejor\u00eda\u00a0y para final de temporada tendremos el objetivo que ten\u00edamos marcado.\u00bb<\/p><\/blockquote>\n<p><a href=\"http:\/\/fegrama.cat\/web\/wp-content\/uploads\/2015\/03\/prebE100315.jpg\"><img loading=\"lazy\" decoding=\"async\" class=\"aligncenter size-full wp-image-9988\" alt=\"prebE100315\" src=\"http:\/\/fegrama.cat\/web\/wp-content\/uploads\/2015\/03\/prebE100315.jpg\" width=\"529\" height=\"307\" \/><\/a><\/p>\n","protected":false},"excerpt":{"rendered":"<p>Aquesta setmana portem un reportatge diferent als altres. Aquesta vegada ser\u00e0 un 1&#215;1 dels jugadors que componen el Prebenjam\u00ed \u00abE\u00bb de la Fundaci\u00f3 Esportiva Grama. Aquest equip juga a CADECA i a dia d&#8217;avui es troba a la meitat de taula, d\u00e8cims, fent realment molt bona temporada ja que recordem que \u00e9s el primer any [&hellip;]<\/p>\n","protected":false},"author":1,"featured_media":8471,"comment_status":"closed","ping_status":"closed","sticky":false,"template":"","format":"standard","meta":{"footnotes":""},"categories":[4,14,12],"tags":[399,24],"class_list":["post-9986","post","type-post","status-publish","format-standard","has-post-thumbnail","hentry","category-base-inclusiu","category-noticies","category-prebenjamins","tag-fegrama","tag-fundacio-esportiva-grama"],"_links":{"self":[{"href":"http:\/\/fegrama.cat\/web\/wp-json\/wp\/v2\/posts\/9986","targetHints":{"allow":["GET"]}}],"collection":[{"href":"http:\/\/fegrama.cat\/web\/wp-json\/wp\/v2\/posts"}],"about":[{"href":"http:\/\/fegrama.cat\/web\/wp-json\/wp\/v2\/types\/post"}],"author":[{"embeddable":true,"href":"http:\/\/fegrama.cat\/web\/wp-json\/wp\/v2\/users\/1"}],"replies":[{"embeddable":true,"href":"http:\/\/fegrama.cat\/web\/wp-json\/wp\/v2\/comments?post=9986"}],"version-history":[{"count":5,"href":"http:\/\/fegrama.cat\/web\/wp-json\/wp\/v2\/posts\/9986\/revisions"}],"predecessor-version":[{"id":9992,"href":"http:\/\/fegrama.cat\/web\/wp-json\/wp\/v2\/posts\/9986\/revisions\/9992"}],"wp:featuredmedia":[{"embeddable":true,"href":"http:\/\/fegrama.cat\/web\/wp-json\/wp\/v2\/media\/8471"}],"wp:attachment":[{"href":"http:\/\/fegrama.cat\/web\/wp-json\/wp\/v2\/media?parent=9986"}],"wp:term":[{"taxonomy":"category","embeddable":true,"href":"http:\/\/fegrama.cat\/web\/wp-json\/wp\/v2\/categories?post=9986"},{"taxonomy":"post_tag","embeddable":true,"href":"http:\/\/fegrama.cat\/web\/wp-json\/wp\/v2\/tags?post=9986"}],"curies":[{"name":"wp","href":"https:\/\/api.w.org\/{rel}","templated":true}]}}