{"id":9982,"date":"2015-03-10T10:57:36","date_gmt":"2015-03-10T09:57:36","guid":{"rendered":"http:\/\/fegrama.cat\/web\/?p=9982"},"modified":"2015-03-10T10:57:36","modified_gmt":"2015-03-10T09:57:36","slug":"lequip-amateur-va-guanyar-al-segon-de-la-taula","status":"publish","type":"post","link":"http:\/\/fegrama.cat\/web\/lequip-amateur-va-guanyar-al-segon-de-la-taula\/","title":{"rendered":"L&#8217;equip Amateur va guanyar al segon de la taula"},"content":{"rendered":"<h2>M\u00e9s a prop de l&#8217;ascens de categoria despr\u00e9s de guanyar al segon.<\/h2>\n<p>Ja nom\u00e9s li queden per jugar-se 8 jornades i el primer equip de la <strong>Fundaci\u00f3 Esportiva Grama<\/strong> cada vegada est\u00e0 m\u00e9s a prop de deixar de ser equip de <strong>Quarta Catalana<\/strong>. La vict\u00f2ria per <strong>2-1<\/strong> davant l&#8217;<strong>AE La Salut Pere Gol<\/strong> els d\u00f3na un avantatge de 8 punts i ja nom\u00e9s li queda per jugar un partit davant rival directe, <strong>CD Arrabal-Calaf de Gramenet \u00abB\u00bb<\/strong>.<\/p>\n<blockquote><p><strong>Ram\u00f3n Carranza:<\/strong> <em>\u00abTres punts vitals per al campionat. Bon partit contra el rival m\u00e9s complet del grup. Molt satisfet de la feina de tot l&#8217;equip i especialment de l&#8217;aportaci\u00f3 de jugadors menys habituals que demostra que a m\u00e9s d&#8217;un gran equip tenim una gran plantilla. Seguirem treballant fins aconseguir l&#8217;anhelat ascens.\u00bb<\/em><\/p><\/blockquote>\n<h2><iframe loading=\"lazy\" title=\"Fundaci\u00f3 Esportiva Grama 2-1 AE La Salut Pere Gol\" width=\"580\" height=\"326\" src=\"https:\/\/www.youtube.com\/embed\/JfqAOZdXB9s?feature=oembed\" frameborder=\"0\" allow=\"accelerometer; autoplay; clipboard-write; encrypted-media; gyroscope; picture-in-picture; web-share\" referrerpolicy=\"strict-origin-when-cross-origin\" allowfullscreen><\/iframe><\/h2>\n<p style=\"text-align: center;\"><a href=\"http:\/\/fegrama.cat\/web\/wp-content\/uploads\/2015\/03\/amatclas100315.jpg\"><img loading=\"lazy\" decoding=\"async\" class=\"aligncenter  wp-image-9983\" alt=\"amatclas100315\" src=\"http:\/\/fegrama.cat\/web\/wp-content\/uploads\/2015\/03\/amatclas100315.jpg\" width=\"613\" height=\"462\" \/><\/a><\/p>\n<h2>M\u00e1s cerca del ascenso de categor\u00eda tras ganar al segundo.<\/h2>\n<p>Ya solo le quedan por jugarse 8 jornadas y la\u00a0<strong>Fundaci\u00f3 Esportiva Grama<\/strong>\u00a0cada vez esta m\u00e1s cerca de dejar de ser equipo de\u00a0<strong>Cuarta Catalana<\/strong>. La victoria por\u00a0<strong>2-1<\/strong>\u00a0ante la\u00a0<strong>AE La Salut Pere Gol<\/strong>\u00a0les da una ventaja de 8 puntos y ya solo le queda por jugar un partido ante rival directo,\u00a0<strong>CD Arrabal-Calaf de Gramenet \u201cB\u201d<\/strong>.<\/p>\n<blockquote><p><strong>Ram\u00f3n Carranza:<\/strong> <em>\u00abTres puntos vitales para el campeonato. Buen partido contra el rival m\u00e1s completo del grupo. Muy satisfecho del trabajo de todo el equipo y en especial de la aportaci\u00f3n de jugadores menos habituales que demuestra que adem\u00e1s de un gran equipo tenemos una gran plantilla. Seguiremos trabajando hasta conseguir el ansiado ascenso.\u00bb<\/em><\/p><\/blockquote>\n","protected":false},"excerpt":{"rendered":"<p>M\u00e9s a prop de l&#8217;ascens de categoria despr\u00e9s de guanyar al segon. Ja nom\u00e9s li queden per jugar-se 8 jornades i el primer equip de la Fundaci\u00f3 Esportiva Grama cada vegada est\u00e0 m\u00e9s a prop de deixar de ser equip de Quarta Catalana. La vict\u00f2ria per 2-1 davant l&#8217;AE La Salut Pere Gol els d\u00f3na [&hellip;]<\/p>\n","protected":false},"author":1,"featured_media":0,"comment_status":"closed","ping_status":"closed","sticky":false,"template":"","format":"standard","meta":{"footnotes":""},"categories":[4,5],"tags":[399,24,148,55],"class_list":["post-9982","post","type-post","status-publish","format-standard","hentry","category-base-inclusiu","category-primer-equip","tag-fegrama","tag-fundacio-esportiva-grama","tag-la-salut-pere-gol","tag-nou-municipal-de-santa-coloma"],"_links":{"self":[{"href":"http:\/\/fegrama.cat\/web\/wp-json\/wp\/v2\/posts\/9982","targetHints":{"allow":["GET"]}}],"collection":[{"href":"http:\/\/fegrama.cat\/web\/wp-json\/wp\/v2\/posts"}],"about":[{"href":"http:\/\/fegrama.cat\/web\/wp-json\/wp\/v2\/types\/post"}],"author":[{"embeddable":true,"href":"http:\/\/fegrama.cat\/web\/wp-json\/wp\/v2\/users\/1"}],"replies":[{"embeddable":true,"href":"http:\/\/fegrama.cat\/web\/wp-json\/wp\/v2\/comments?post=9982"}],"version-history":[{"count":1,"href":"http:\/\/fegrama.cat\/web\/wp-json\/wp\/v2\/posts\/9982\/revisions"}],"predecessor-version":[{"id":9985,"href":"http:\/\/fegrama.cat\/web\/wp-json\/wp\/v2\/posts\/9982\/revisions\/9985"}],"wp:attachment":[{"href":"http:\/\/fegrama.cat\/web\/wp-json\/wp\/v2\/media?parent=9982"}],"wp:term":[{"taxonomy":"category","embeddable":true,"href":"http:\/\/fegrama.cat\/web\/wp-json\/wp\/v2\/categories?post=9982"},{"taxonomy":"post_tag","embeddable":true,"href":"http:\/\/fegrama.cat\/web\/wp-json\/wp\/v2\/tags?post=9982"}],"curies":[{"name":"wp","href":"https:\/\/api.w.org\/{rel}","templated":true}]}}