{"id":9950,"date":"2015-03-09T19:05:48","date_gmt":"2015-03-09T18:05:48","guid":{"rendered":"http:\/\/fegrama.cat\/web\/?p=9950"},"modified":"2015-03-09T19:05:48","modified_gmt":"2015-03-09T18:05:48","slug":"victoria-contundent-del-prebenjami-a-contra-el-bufala-10-0","status":"publish","type":"post","link":"http:\/\/fegrama.cat\/web\/victoria-contundent-del-prebenjami-a-contra-el-bufala-10-0\/","title":{"rendered":"Vict\u00f2ria contundent del Prebenjam\u00ed A contra el Bufal\u00e0 10-0"},"content":{"rendered":"<p style=\"text-align: center;\"><a href=\"http:\/\/fegrama.cat\/web\/wp-content\/uploads\/2014\/12\/PREBENJAM\u00cd-AFUNDACIO-GRAMA-SANTA-COLOMA1.jpg\"><img loading=\"lazy\" decoding=\"async\" class=\"aligncenter  wp-image-8483\" alt=\"PREBENJAM\u00cd AFUNDACIO GRAMA SANTA COLOMA\" src=\"http:\/\/fegrama.cat\/web\/wp-content\/uploads\/2014\/12\/PREBENJAM\u00cd-AFUNDACIO-GRAMA-SANTA-COLOMA1.jpg\" width=\"448\" height=\"336\" srcset=\"http:\/\/fegrama.cat\/web\/wp-content\/uploads\/2014\/12\/PREBENJAM\u00cd-AFUNDACIO-GRAMA-SANTA-COLOMA1.jpg 640w, http:\/\/fegrama.cat\/web\/wp-content\/uploads\/2014\/12\/PREBENJAM\u00cd-AFUNDACIO-GRAMA-SANTA-COLOMA1-300x225.jpg 300w\" sizes=\"auto, (max-width: 448px) 100vw, 448px\" \/><\/a><\/p>\n<p>La veritat \u00e9s que el partit realitzat pel prebenjam\u00ed \u00abA\u00bb de la Fundaci\u00f3 Esportiva Grama contra el Bufal\u00e0, va ser dominat des principi fins al final pels de Santa Coloma, que li van endossar un carro als de Badalona. El resultat, per tant, \u00e9s el mirall del que es va poder veure sobre el terreny de joc. Els rivals no van mostrar res operatius en atac, el que els va portar a encaixar aquesta golejada, sense que ells poguessin obtenir un sol gol.<\/p>\n<p>[divider]<\/p>\n<p>La verdad es que el partido realizado por el prebenjamin \u00abA\u00bb de la Fundaci\u00f3 Esportiva Grama contra el Bufal\u00e1, fue dominado desde principio hasta el final por los de Santa Coloma, que le endosaron un carro a los de Badalona. El resultado, por tanto, es el espejo de lo que se pudo ver sobre el terreno de juego. Los rivales no se mostraron nada operativos en ataque, lo que les llev\u00f3 a encajar esa goleada, sin que ellos pudieran obtener un solo tanto.<\/p>\n","protected":false},"excerpt":{"rendered":"<p>La veritat \u00e9s que el partit realitzat pel prebenjam\u00ed \u00abA\u00bb de la Fundaci\u00f3 Esportiva Grama contra el Bufal\u00e0, va ser dominat des principi fins al final pels de Santa Coloma, que li van endossar un carro als de Badalona. El resultat, per tant, \u00e9s el mirall del que es va poder veure sobre el terreny [&hellip;]<\/p>\n","protected":false},"author":1,"featured_media":8483,"comment_status":"closed","ping_status":"closed","sticky":false,"template":"","format":"standard","meta":{"footnotes":""},"categories":[4,12],"tags":[],"class_list":["post-9950","post","type-post","status-publish","format-standard","has-post-thumbnail","hentry","category-base-inclusiu","category-prebenjamins"],"_links":{"self":[{"href":"http:\/\/fegrama.cat\/web\/wp-json\/wp\/v2\/posts\/9950","targetHints":{"allow":["GET"]}}],"collection":[{"href":"http:\/\/fegrama.cat\/web\/wp-json\/wp\/v2\/posts"}],"about":[{"href":"http:\/\/fegrama.cat\/web\/wp-json\/wp\/v2\/types\/post"}],"author":[{"embeddable":true,"href":"http:\/\/fegrama.cat\/web\/wp-json\/wp\/v2\/users\/1"}],"replies":[{"embeddable":true,"href":"http:\/\/fegrama.cat\/web\/wp-json\/wp\/v2\/comments?post=9950"}],"version-history":[{"count":3,"href":"http:\/\/fegrama.cat\/web\/wp-json\/wp\/v2\/posts\/9950\/revisions"}],"predecessor-version":[{"id":9962,"href":"http:\/\/fegrama.cat\/web\/wp-json\/wp\/v2\/posts\/9950\/revisions\/9962"}],"wp:featuredmedia":[{"embeddable":true,"href":"http:\/\/fegrama.cat\/web\/wp-json\/wp\/v2\/media\/8483"}],"wp:attachment":[{"href":"http:\/\/fegrama.cat\/web\/wp-json\/wp\/v2\/media?parent=9950"}],"wp:term":[{"taxonomy":"category","embeddable":true,"href":"http:\/\/fegrama.cat\/web\/wp-json\/wp\/v2\/categories?post=9950"},{"taxonomy":"post_tag","embeddable":true,"href":"http:\/\/fegrama.cat\/web\/wp-json\/wp\/v2\/tags?post=9950"}],"curies":[{"name":"wp","href":"https:\/\/api.w.org\/{rel}","templated":true}]}}