{"id":9946,"date":"2015-03-09T18:53:51","date_gmt":"2015-03-09T17:53:51","guid":{"rendered":"http:\/\/fegrama.cat\/web\/?p=9946"},"modified":"2015-03-09T18:53:51","modified_gmt":"2015-03-09T17:53:51","slug":"empat-just-pel-cadet-b-1-1","status":"publish","type":"post","link":"http:\/\/fegrama.cat\/web\/empat-just-pel-cadet-b-1-1\/","title":{"rendered":"Empat just pel Cadet B, 1-1"},"content":{"rendered":"<p><a href=\"http:\/\/fegrama.cat\/web\/wp-content\/uploads\/2014\/12\/CADET-BFUNDACIO-GRAMA-SANTA-COLOMA.jpg\"><img loading=\"lazy\" decoding=\"async\" class=\"aligncenter size-full wp-image-8389\" alt=\"CADET BFUNDACIO GRAMA SANTA COLOMA\" src=\"http:\/\/fegrama.cat\/web\/wp-content\/uploads\/2014\/12\/CADET-BFUNDACIO-GRAMA-SANTA-COLOMA.jpg\" width=\"640\" height=\"480\" srcset=\"http:\/\/fegrama.cat\/web\/wp-content\/uploads\/2014\/12\/CADET-BFUNDACIO-GRAMA-SANTA-COLOMA.jpg 640w, http:\/\/fegrama.cat\/web\/wp-content\/uploads\/2014\/12\/CADET-BFUNDACIO-GRAMA-SANTA-COLOMA-300x225.jpg 300w\" sizes=\"auto, (max-width: 640px) 100vw, 640px\" \/><\/a><\/p>\n<p style=\"text-align: justify;\">Partit molt igualat el que va enfrontar el cadet \u00abB\u00bb de la Fundaci\u00f3 Esportiva Grama i la Guineueta. La veritat \u00e9s que des del primer moment, els dos equips van mostrar desimboltura i ganes de endur-se els tres punts, sent un xoc sense treva. Qualsevol dels dos podria haver-se avan\u00e7at al marcador, per\u00f2 va ser finalment la Guineueta la que va marcar en primera inst\u00e0ncia. Els xavals del cadet van aconseguir empatar el marcador faltant poc per a la conclusi\u00f3 de la trobada, va ser en una jugada d&#8217;estrat\u00e8gia, en la qual va arribar l&#8217;empat. En definitiva, una confrontaci\u00f3 que es va poder decantar cap a un costat o un altre. L&#8217;empat el m\u00e9s just.<\/p>\n<p style=\"text-align: justify;\">[divider]<\/p>\n<p style=\"text-align: justify;\">Partido muy igualado el que enfrent\u00f3 al cadete \u00abB\u00bb de la Fundaci\u00f3 Esportiva Grama y la \u00a0Guineueta. Lo cierto es que desde el primer momento , ambos equipos mostraron desparpajo y ganas de llevarse los tres puntos, siendo un choque sin tregua. Cualquiera de los dos podr\u00eda haberse adelantado en el marcador, pero fue finalmente la Guineueta la que marc\u00f3 en primera instancia. Los chavales del cadete consiguieron empatar el marcador faltando poco para la conclusi\u00f3n del encuentro, fue en una jugada de estrategia, en la que lleg\u00f3 el empate. En definitiva, una confrontaci\u00f3n que se pudo decantar hacia un lado u otro. El empate lo mas justo.<\/p>\n","protected":false},"excerpt":{"rendered":"<p>Partit molt igualat el que va enfrontar el cadet \u00abB\u00bb de la Fundaci\u00f3 Esportiva Grama i la Guineueta. La veritat \u00e9s que des del primer moment, els dos equips van mostrar desimboltura i ganes de endur-se els tres punts, sent un xoc sense treva. Qualsevol dels dos podria haver-se avan\u00e7at al marcador, per\u00f2 va ser [&hellip;]<\/p>\n","protected":false},"author":1,"featured_media":8389,"comment_status":"closed","ping_status":"closed","sticky":false,"template":"","format":"standard","meta":{"footnotes":""},"categories":[4,7],"tags":[],"class_list":["post-9946","post","type-post","status-publish","format-standard","has-post-thumbnail","hentry","category-base-inclusiu","category-cadets"],"_links":{"self":[{"href":"http:\/\/fegrama.cat\/web\/wp-json\/wp\/v2\/posts\/9946","targetHints":{"allow":["GET"]}}],"collection":[{"href":"http:\/\/fegrama.cat\/web\/wp-json\/wp\/v2\/posts"}],"about":[{"href":"http:\/\/fegrama.cat\/web\/wp-json\/wp\/v2\/types\/post"}],"author":[{"embeddable":true,"href":"http:\/\/fegrama.cat\/web\/wp-json\/wp\/v2\/users\/1"}],"replies":[{"embeddable":true,"href":"http:\/\/fegrama.cat\/web\/wp-json\/wp\/v2\/comments?post=9946"}],"version-history":[{"count":4,"href":"http:\/\/fegrama.cat\/web\/wp-json\/wp\/v2\/posts\/9946\/revisions"}],"predecessor-version":[{"id":9956,"href":"http:\/\/fegrama.cat\/web\/wp-json\/wp\/v2\/posts\/9946\/revisions\/9956"}],"wp:featuredmedia":[{"embeddable":true,"href":"http:\/\/fegrama.cat\/web\/wp-json\/wp\/v2\/media\/8389"}],"wp:attachment":[{"href":"http:\/\/fegrama.cat\/web\/wp-json\/wp\/v2\/media?parent=9946"}],"wp:term":[{"taxonomy":"category","embeddable":true,"href":"http:\/\/fegrama.cat\/web\/wp-json\/wp\/v2\/categories?post=9946"},{"taxonomy":"post_tag","embeddable":true,"href":"http:\/\/fegrama.cat\/web\/wp-json\/wp\/v2\/tags?post=9946"}],"curies":[{"name":"wp","href":"https:\/\/api.w.org\/{rel}","templated":true}]}}