{"id":9936,"date":"2015-03-09T18:54:13","date_gmt":"2015-03-09T17:54:13","guid":{"rendered":"http:\/\/fegrama.cat\/web\/?p=9936"},"modified":"2015-03-09T18:54:13","modified_gmt":"2015-03-09T17:54:13","slug":"els-nois-de-david-martin-semporten-el-derbi-contra-larrabal","status":"publish","type":"post","link":"http:\/\/fegrama.cat\/web\/els-nois-de-david-martin-semporten-el-derbi-contra-larrabal\/","title":{"rendered":"Els nois de David Mart\u00edn s&#8217;emporten el derbi contra l&#8217;Arrabal"},"content":{"rendered":"<p style=\"text-align: center;\"><a href=\"http:\/\/fegrama.cat\/web\/wp-content\/uploads\/2014\/12\/CADET-AFUNDACIO-GRAMA-SANTA-COLOMA1.jpg\"><img loading=\"lazy\" decoding=\"async\" class=\"aligncenter  wp-image-8392\" alt=\"CADET AFUNDACIO GRAMA SANTA COLOMA\" src=\"http:\/\/fegrama.cat\/web\/wp-content\/uploads\/2014\/12\/CADET-AFUNDACIO-GRAMA-SANTA-COLOMA1.jpg\" width=\"448\" height=\"336\" srcset=\"http:\/\/fegrama.cat\/web\/wp-content\/uploads\/2014\/12\/CADET-AFUNDACIO-GRAMA-SANTA-COLOMA1.jpg 640w, http:\/\/fegrama.cat\/web\/wp-content\/uploads\/2014\/12\/CADET-AFUNDACIO-GRAMA-SANTA-COLOMA1-300x225.jpg 300w\" sizes=\"auto, (max-width: 448px) 100vw, 448px\" \/><\/a><\/p>\n<p>Vict\u00f2ria del cadet \u00abA\u00bb davant del Arrabal. Un xoc de rivalitat local, amb dues parts molt diferents. Una primera, en la qual els dos equips van fer m\u00e8rits m\u00e9s que sobrats per marcar en qualsevol moment, encara que al final de la primera part es va arribar amb el resultat de 1-2 favorable a la Fundaci\u00f3 Esportiva Grama. A la segona part res m\u00e9s posar-se la pilota en moviment els xavals del cadet surten amb ganes de controlar i resoldre el m\u00e9s aviat possible, posant-se per davant en el marcador, amb el marcador de 1-4. El Raval va aconseguir ficar el segon del seu compte, i situar el marcador en un 2-4, per\u00f2 tot seguit i causa de l&#8217;esfor\u00e7 tit\u00e0nic de l equip de la Fundaci\u00f3, aconsegueixen el cinqu\u00e8 i \u00faltim gol del partit. La veritat \u00e9s que es plantejava com un partit dif\u00edcil, per les nombroses baixes que arrossegava el quadre de la FEGrama, per\u00f2 els xavals que van saltar al terreny de joc ho van fer \u00e0mpliament b\u00e9.<\/p>\n<p>[divider]<\/p>\n<p>Victoria del cadete \u00abA\u00bb frente al Arrabal. Un choque de rivalidad local, con dos partes muy diferentes. Una primera, en la que los dos equipos hicieron m\u00e9ritos mas que sobrados para marcar en cualquier momento, aunque al final de la primera parte se lleg\u00f3 con el resultado de 1-2 \u00a0favorable a la Fundaci\u00f3 Esportiva Grama. En la segunda parte nada mas ponerse el bal\u00f3n en movimiento los chavales del cadete salen con ganas de controlar y resolver lo antes posible, poni\u00e9ndose por delante en el marcador, con el tanteador de 1-4. El Arrabal consigui\u00f3 meter el segundo de su cuenta, sit\u00faando el tanteador en un 2-4, pero acto seguido y debido al esfuerzo titanico de l equipo de la Fundaci\u00f3, logran el quinto y ultimo gol del partido. La verdad es que se planteaba \u00a0como un partido dif\u00edcil, por las numerosas bajas que arrastraba el cuadro de la FEGrama, pero los chavales que saltaron al terreno de juego lo hicieron sobradamente bien.<\/p>\n","protected":false},"excerpt":{"rendered":"<p>Vict\u00f2ria del cadet \u00abA\u00bb davant del Arrabal. Un xoc de rivalitat local, amb dues parts molt diferents. Una primera, en la qual els dos equips van fer m\u00e8rits m\u00e9s que sobrats per marcar en qualsevol moment, encara que al final de la primera part es va arribar amb el resultat de 1-2 favorable a la [&hellip;]<\/p>\n","protected":false},"author":1,"featured_media":8392,"comment_status":"closed","ping_status":"closed","sticky":false,"template":"","format":"standard","meta":{"footnotes":""},"categories":[4,7],"tags":[],"class_list":["post-9936","post","type-post","status-publish","format-standard","has-post-thumbnail","hentry","category-base-inclusiu","category-cadets"],"_links":{"self":[{"href":"http:\/\/fegrama.cat\/web\/wp-json\/wp\/v2\/posts\/9936","targetHints":{"allow":["GET"]}}],"collection":[{"href":"http:\/\/fegrama.cat\/web\/wp-json\/wp\/v2\/posts"}],"about":[{"href":"http:\/\/fegrama.cat\/web\/wp-json\/wp\/v2\/types\/post"}],"author":[{"embeddable":true,"href":"http:\/\/fegrama.cat\/web\/wp-json\/wp\/v2\/users\/1"}],"replies":[{"embeddable":true,"href":"http:\/\/fegrama.cat\/web\/wp-json\/wp\/v2\/comments?post=9936"}],"version-history":[{"count":3,"href":"http:\/\/fegrama.cat\/web\/wp-json\/wp\/v2\/posts\/9936\/revisions"}],"predecessor-version":[{"id":9952,"href":"http:\/\/fegrama.cat\/web\/wp-json\/wp\/v2\/posts\/9936\/revisions\/9952"}],"wp:featuredmedia":[{"embeddable":true,"href":"http:\/\/fegrama.cat\/web\/wp-json\/wp\/v2\/media\/8392"}],"wp:attachment":[{"href":"http:\/\/fegrama.cat\/web\/wp-json\/wp\/v2\/media?parent=9936"}],"wp:term":[{"taxonomy":"category","embeddable":true,"href":"http:\/\/fegrama.cat\/web\/wp-json\/wp\/v2\/categories?post=9936"},{"taxonomy":"post_tag","embeddable":true,"href":"http:\/\/fegrama.cat\/web\/wp-json\/wp\/v2\/tags?post=9936"}],"curies":[{"name":"wp","href":"https:\/\/api.w.org\/{rel}","templated":true}]}}