{"id":9922,"date":"2015-03-09T16:54:31","date_gmt":"2015-03-09T15:54:31","guid":{"rendered":"http:\/\/fegrama.cat\/web\/?p=9922"},"modified":"2015-03-09T16:54:31","modified_gmt":"2015-03-09T15:54:31","slug":"el-prebenjami-b-no-pot-amb-el-lider-11-1","status":"publish","type":"post","link":"http:\/\/fegrama.cat\/web\/el-prebenjami-b-no-pot-amb-el-lider-11-1\/","title":{"rendered":"El Prebenjam\u00ed B no pot amb el l\u00edder, 11-1"},"content":{"rendered":"<p style=\"text-align: center;\"><a href=\"http:\/\/fegrama.cat\/web\/wp-content\/uploads\/2015\/03\/preb-b.jpg\"><img loading=\"lazy\" decoding=\"async\" class=\"aligncenter  wp-image-9923\" alt=\"preb b\" src=\"http:\/\/fegrama.cat\/web\/wp-content\/uploads\/2015\/03\/preb-b.jpg\" width=\"672\" height=\"504\" \/><\/a><\/p>\n<p style=\"text-align: justify;\">Partit que va comen\u00e7ar molt b\u00e9 per al prebenjam\u00ed \u00abB\u00bb i la veritat \u00e9s que en aquests primers compassos ning\u00fa podia imaginar semblant golejada despr\u00e9s que es jugu\u00e9s el temps reglamentari. Per\u00f2 va ser un miratge, ja que passats els dos primers quarts, el domini va ser absolut per al Sistrells, l\u00edder consolidat en el seu grup. Una mala jornada per als nois de Santa Coloma, esperant que passin p\u00e0gina r\u00e0pid i reaccionin de cara a la propera jornada.<\/p>\n<p style=\"text-align: justify;\">[divider]<\/p>\n<p style=\"text-align: justify;\">Partido que empez\u00f3 muy bien para el prebenjam\u00edn \u201cB\u201d y la verdad es que en esos primeros compases nadie pod\u00eda imaginarse semejante goleada despu\u00e9s de que se jugase el tiempo reglamentario. Pero fue un espejismo, ya que pasados los dos primeros cuartos, el dominio fue absoluto para el Sistrells, l\u00edder consolidado en su grupo. Una mala jornada para los muchachos de Santa Coloma, esperando que pasen p\u00e1gina r\u00e1pido y reaccionen de cara a la pr\u00f3xima jornada.<\/p>\n","protected":false},"excerpt":{"rendered":"<p>Partit que va comen\u00e7ar molt b\u00e9 per al prebenjam\u00ed \u00abB\u00bb i la veritat \u00e9s que en aquests primers compassos ning\u00fa podia imaginar semblant golejada despr\u00e9s que es jugu\u00e9s el temps reglamentari. Per\u00f2 va ser un miratge, ja que passats els dos primers quarts, el domini va ser absolut per al Sistrells, l\u00edder consolidat en el [&hellip;]<\/p>\n","protected":false},"author":1,"featured_media":0,"comment_status":"closed","ping_status":"closed","sticky":false,"template":"","format":"standard","meta":{"footnotes":""},"categories":[4,12],"tags":[],"class_list":["post-9922","post","type-post","status-publish","format-standard","hentry","category-base-inclusiu","category-prebenjamins"],"_links":{"self":[{"href":"http:\/\/fegrama.cat\/web\/wp-json\/wp\/v2\/posts\/9922","targetHints":{"allow":["GET"]}}],"collection":[{"href":"http:\/\/fegrama.cat\/web\/wp-json\/wp\/v2\/posts"}],"about":[{"href":"http:\/\/fegrama.cat\/web\/wp-json\/wp\/v2\/types\/post"}],"author":[{"embeddable":true,"href":"http:\/\/fegrama.cat\/web\/wp-json\/wp\/v2\/users\/1"}],"replies":[{"embeddable":true,"href":"http:\/\/fegrama.cat\/web\/wp-json\/wp\/v2\/comments?post=9922"}],"version-history":[{"count":1,"href":"http:\/\/fegrama.cat\/web\/wp-json\/wp\/v2\/posts\/9922\/revisions"}],"predecessor-version":[{"id":9924,"href":"http:\/\/fegrama.cat\/web\/wp-json\/wp\/v2\/posts\/9922\/revisions\/9924"}],"wp:attachment":[{"href":"http:\/\/fegrama.cat\/web\/wp-json\/wp\/v2\/media?parent=9922"}],"wp:term":[{"taxonomy":"category","embeddable":true,"href":"http:\/\/fegrama.cat\/web\/wp-json\/wp\/v2\/categories?post=9922"},{"taxonomy":"post_tag","embeddable":true,"href":"http:\/\/fegrama.cat\/web\/wp-json\/wp\/v2\/tags?post=9922"}],"curies":[{"name":"wp","href":"https:\/\/api.w.org\/{rel}","templated":true}]}}