{"id":9919,"date":"2015-03-09T16:45:53","date_gmt":"2015-03-09T15:45:53","guid":{"rendered":"http:\/\/fegrama.cat\/web\/?p=9919"},"modified":"2015-03-09T16:45:53","modified_gmt":"2015-03-09T15:45:53","slug":"inmerescuda-derrota-pels-nois-del-prebenjami-c","status":"publish","type":"post","link":"http:\/\/fegrama.cat\/web\/inmerescuda-derrota-pels-nois-del-prebenjami-c\/","title":{"rendered":"Inmerescuda derrota pels nois del Prebenjam\u00ed C"},"content":{"rendered":"<p style=\"text-align: center;\"><a href=\"http:\/\/fegrama.cat\/web\/wp-content\/uploads\/2015\/03\/preb-c.jpg\"><img loading=\"lazy\" decoding=\"async\" class=\"aligncenter  wp-image-9920\" alt=\"preb c\" src=\"http:\/\/fegrama.cat\/web\/wp-content\/uploads\/2015\/03\/preb-c.jpg\" width=\"672\" height=\"504\" \/><\/a><\/p>\n<p>Injusta derrota la que va encaixar el prebenjam\u00ed \u00abC\u00bb de la Fundaci\u00f3 Esportiva Grama davant del Vila Olimpica. La sort va ser esquiva pels colomencs que es troben amb un gol matiner per part dels locals. No obstant aix\u00f2, la reacci\u00f3 \u00e9s r\u00e0pida pels xavals de la FEGrama, que aconsegueixen donar-li la volta al marcador situant l&#8217;1-2. Arribo el moment de jugar l&#8217;\u00faltim quart del partit i gr\u00e0cies a dues jugades fortu\u00eftes per part del Vila, mes la col\u00b7laboraci\u00f3 de l&#8217;\u00e0rbitre, assenyalant dues faltes inexistents, el que suposa marcar dos gols als de casa, donant-los la vict\u00f2ria. En definitiva, immerescuda derrota dels de Santa Coloma i marcador engany\u00f3s.<\/p>\n<p>[divider]<\/p>\n<p>Injusta derrota la que encaj\u00f3 el prebenjamin \u201cC\u201d de la Fundaci\u00f3 Esportiva Grama frente al Vila Olimpica. La suerte fue esquiva para los colomenses que se encuentran con un gol tempranero por parte de los locales. Sin embargo, la reacci\u00f3n es r\u00e1pida por los chavales de la FEGrama, que logran darle la vuelta al marcador situando el 1-2. Llego el momento de jugar el \u00faltimo cuarto del partido y gracias a dos jugadas fortuitas por parte del Vila , mas la colaboraci\u00f3n del arbitro, se\u00f1alando dos faltas inexistentes, lo que supone marcar dos goles a los de casa, d\u00e1ndoles la victoria. En definitiva, inmerecida derrota de los de Santa Coloma y marcador enga\u00f1oso.<\/p>\n","protected":false},"excerpt":{"rendered":"<p>Injusta derrota la que va encaixar el prebenjam\u00ed \u00abC\u00bb de la Fundaci\u00f3 Esportiva Grama davant del Vila Olimpica. La sort va ser esquiva pels colomencs que es troben amb un gol matiner per part dels locals. No obstant aix\u00f2, la reacci\u00f3 \u00e9s r\u00e0pida pels xavals de la FEGrama, que aconsegueixen donar-li la volta al marcador [&hellip;]<\/p>\n","protected":false},"author":1,"featured_media":0,"comment_status":"closed","ping_status":"closed","sticky":false,"template":"","format":"standard","meta":{"footnotes":""},"categories":[4,12],"tags":[],"class_list":["post-9919","post","type-post","status-publish","format-standard","hentry","category-base-inclusiu","category-prebenjamins"],"_links":{"self":[{"href":"http:\/\/fegrama.cat\/web\/wp-json\/wp\/v2\/posts\/9919","targetHints":{"allow":["GET"]}}],"collection":[{"href":"http:\/\/fegrama.cat\/web\/wp-json\/wp\/v2\/posts"}],"about":[{"href":"http:\/\/fegrama.cat\/web\/wp-json\/wp\/v2\/types\/post"}],"author":[{"embeddable":true,"href":"http:\/\/fegrama.cat\/web\/wp-json\/wp\/v2\/users\/1"}],"replies":[{"embeddable":true,"href":"http:\/\/fegrama.cat\/web\/wp-json\/wp\/v2\/comments?post=9919"}],"version-history":[{"count":1,"href":"http:\/\/fegrama.cat\/web\/wp-json\/wp\/v2\/posts\/9919\/revisions"}],"predecessor-version":[{"id":9921,"href":"http:\/\/fegrama.cat\/web\/wp-json\/wp\/v2\/posts\/9919\/revisions\/9921"}],"wp:attachment":[{"href":"http:\/\/fegrama.cat\/web\/wp-json\/wp\/v2\/media?parent=9919"}],"wp:term":[{"taxonomy":"category","embeddable":true,"href":"http:\/\/fegrama.cat\/web\/wp-json\/wp\/v2\/categories?post=9919"},{"taxonomy":"post_tag","embeddable":true,"href":"http:\/\/fegrama.cat\/web\/wp-json\/wp\/v2\/tags?post=9919"}],"curies":[{"name":"wp","href":"https:\/\/api.w.org\/{rel}","templated":true}]}}