{"id":9916,"date":"2015-03-09T16:40:04","date_gmt":"2015-03-09T15:40:04","guid":{"rendered":"http:\/\/fegrama.cat\/web\/?p=9916"},"modified":"2015-03-09T16:40:04","modified_gmt":"2015-03-09T15:40:04","slug":"tres-punts-dor-pel-prebenjami-d","status":"publish","type":"post","link":"http:\/\/fegrama.cat\/web\/tres-punts-dor-pel-prebenjami-d\/","title":{"rendered":"Tres punts d&#8217;or pel Prebenjam\u00ed D"},"content":{"rendered":"<p style=\"text-align: center;\"><a href=\"http:\/\/fegrama.cat\/web\/wp-content\/uploads\/2015\/03\/preb-d.jpg\"><img loading=\"lazy\" decoding=\"async\" class=\"aligncenter  wp-image-9917\" alt=\"preb d\" src=\"http:\/\/fegrama.cat\/web\/wp-content\/uploads\/2015\/03\/preb-d.jpg\" width=\"672\" height=\"504\" \/><\/a><\/p>\n<p style=\"text-align: justify;\">Els petits del prebenjam\u00ed \u00abD\u00bb de la Fundaci\u00f3 Esportiva Grama, van donar una lli\u00e7\u00f3 de punt d&#8217;honor en aquest partit disputat el passat cap de setmana. El control va ser des dels primers instants per als locals, generant major nombre d&#8217;ocasions que els seus rivals. El treball en equip es va notar al llarg del temps reglamentari, a m\u00e9s d&#8217;estar ben coordinats i marcant la pauta sobre el terreny de joc. Van arribar els golesde forma merescuda i finalment es va establir aquest 3-1 al marcador. Tres punts que bona falta li feien als de Santa Coloma.<\/p>\n<p style=\"text-align: justify;\">[divider]<\/p>\n<p style=\"text-align: justify;\">Los peques del prebenjam\u00edn \u201cD\u201d de la Fundaci\u00f3 Esportiva Grama, dieron una lecci\u00f3n depundonor en este partido disputado el pasado fin de semana. El control fue desde los primeros instantes para los locales, generando mayor n\u00famero de ocasiones que sus rivales. El trabajo en equipo se not\u00f3 a lo largo del tiempo reglamentario , adem\u00e1s de estar bien coordinados y marcando la pauta sobre el terreno de juego. Llegaron los golesde forma merecida y finalmente se estableci\u00f3 ese 3-1 en el tanteador. Tres puntos que buena falta le hac\u00edan a los de Santa Coloma.<\/p>\n","protected":false},"excerpt":{"rendered":"<p>Els petits del prebenjam\u00ed \u00abD\u00bb de la Fundaci\u00f3 Esportiva Grama, van donar una lli\u00e7\u00f3 de punt d&#8217;honor en aquest partit disputat el passat cap de setmana. El control va ser des dels primers instants per als locals, generant major nombre d&#8217;ocasions que els seus rivals. El treball en equip es va notar al llarg del [&hellip;]<\/p>\n","protected":false},"author":1,"featured_media":0,"comment_status":"closed","ping_status":"closed","sticky":false,"template":"","format":"standard","meta":{"footnotes":""},"categories":[4,12],"tags":[],"class_list":["post-9916","post","type-post","status-publish","format-standard","hentry","category-base-inclusiu","category-prebenjamins"],"_links":{"self":[{"href":"http:\/\/fegrama.cat\/web\/wp-json\/wp\/v2\/posts\/9916","targetHints":{"allow":["GET"]}}],"collection":[{"href":"http:\/\/fegrama.cat\/web\/wp-json\/wp\/v2\/posts"}],"about":[{"href":"http:\/\/fegrama.cat\/web\/wp-json\/wp\/v2\/types\/post"}],"author":[{"embeddable":true,"href":"http:\/\/fegrama.cat\/web\/wp-json\/wp\/v2\/users\/1"}],"replies":[{"embeddable":true,"href":"http:\/\/fegrama.cat\/web\/wp-json\/wp\/v2\/comments?post=9916"}],"version-history":[{"count":1,"href":"http:\/\/fegrama.cat\/web\/wp-json\/wp\/v2\/posts\/9916\/revisions"}],"predecessor-version":[{"id":9918,"href":"http:\/\/fegrama.cat\/web\/wp-json\/wp\/v2\/posts\/9916\/revisions\/9918"}],"wp:attachment":[{"href":"http:\/\/fegrama.cat\/web\/wp-json\/wp\/v2\/media?parent=9916"}],"wp:term":[{"taxonomy":"category","embeddable":true,"href":"http:\/\/fegrama.cat\/web\/wp-json\/wp\/v2\/categories?post=9916"},{"taxonomy":"post_tag","embeddable":true,"href":"http:\/\/fegrama.cat\/web\/wp-json\/wp\/v2\/tags?post=9916"}],"curies":[{"name":"wp","href":"https:\/\/api.w.org\/{rel}","templated":true}]}}