{"id":9914,"date":"2015-03-09T16:36:02","date_gmt":"2015-03-09T15:36:02","guid":{"rendered":"http:\/\/fegrama.cat\/web\/?p=9914"},"modified":"2015-03-09T19:11:20","modified_gmt":"2015-03-09T18:11:20","slug":"croniques-de-les-escoletes-7-i-8-de-marc","status":"publish","type":"post","link":"http:\/\/fegrama.cat\/web\/croniques-de-les-escoletes-7-i-8-de-marc\/","title":{"rendered":"Cr\u00f2niques de les Escoletes, 7 i 8 de Mar\u00e7"},"content":{"rendered":"<p>&nbsp;<\/p>\n<p style=\"text-align: center;\"><a href=\"http:\/\/fegrama.cat\/web\/wp-content\/uploads\/2014\/12\/ESCOLA-AFUNDACIO-GRAMA-SANTA-COLOMA1.jpg\"><img loading=\"lazy\" decoding=\"async\" class=\"aligncenter  wp-image-8467\" alt=\"ESCOLA AFUNDACIO GRAMA SANTA COLOMA\" src=\"http:\/\/fegrama.cat\/web\/wp-content\/uploads\/2014\/12\/ESCOLA-AFUNDACIO-GRAMA-SANTA-COLOMA1.jpg\" width=\"448\" height=\"336\" \/><\/a>POMAR, 4 ESCUELA \u201cA\u201d, 3<\/p>\n<p>Por el resultado registrado en este partido, alguien que no lo hubiera presenciado en directo, podr\u00eda pensar que se trat\u00f3 de un choque lleno de alternativas por parte de uno y otro equipo, pero nada mas lejos de la verdad. Fue un encuentro aburrido \u00a0y con poca claridad por parte de los dos conjuntos. Enfado del entrenador del escuela\u201dA\u201d al interpretar que los suyos pudieron hacer mas.<\/p>\n<p>[divider]<\/p>\n<p style=\"text-align: center;\"><a href=\"http:\/\/fegrama.cat\/web\/wp-content\/uploads\/2014\/12\/ESCOLA-BFUNDACIO-GRAMA-SANTA-COLOMA.jpg\"><img loading=\"lazy\" decoding=\"async\" class=\"aligncenter  wp-image-8468\" alt=\"ESCOLA BFUNDACIO GRAMA SANTA COLOMA\" src=\"http:\/\/fegrama.cat\/web\/wp-content\/uploads\/2014\/12\/ESCOLA-BFUNDACIO-GRAMA-SANTA-COLOMA.jpg\" width=\"448\" height=\"336\" \/><\/a><\/p>\n<p>ESCUELA \u00abB\u00bb 6- LLOREDA 0<\/p>\n<p>El pasado s\u00e1bado tuvo lugar el encuentro entre el escuela \u00abB\u00bb de la Fundaci\u00f3 Esportiva Grama y el Lloreda. Un choque a tenor de lo presenciado, en el que los locales, salieron muy concienciados desde el primer minuto de juego, actuando con mucha intensidad \u00a0y con ganas de buscar la puerta contraria con rapidez. El desparpajo presentado fue realmente. Los chavales que actuaron fueron Aitor, como portero; en la defensa \u00a0Miquel, Asier; en la media y ataque, Izan, Adri\u00e1 Soler, Didad, Iker, Zindin y Xavi. Felicitaciones para el Lloreda que, a pesar de salir goleado, tuvo un comportamiento extraordinario.<\/p>\n<p>[divider]<\/p>\n<p style=\"text-align: center;\"><a href=\"http:\/\/fegrama.cat\/web\/wp-content\/uploads\/2014\/12\/ESCOLA-CFUNDACIO-GRAMA-SANTA-COLOMA.jpg\"><img loading=\"lazy\" decoding=\"async\" class=\"aligncenter  wp-image-8469\" alt=\"ESCOLA CFUNDACIO GRAMA SANTA COLOMA\" src=\"http:\/\/fegrama.cat\/web\/wp-content\/uploads\/2014\/12\/ESCOLA-CFUNDACIO-GRAMA-SANTA-COLOMA.jpg\" width=\"448\" height=\"336\" \/><\/a><\/p>\n<p style=\"text-align: justify;\">PENYA BARCELONISTA BARCINO, 3 ESCUELA \u00abC\u00bb, 3<\/p>\n<p style=\"text-align: justify;\">Una vez mas el escuela \u00abC\u00bb de la Fundaci\u00f3 Esportiva Grama, se encontr\u00f3 con el desencanto al conseguir un empate frente a la Penya Barcelonista Barcino en los \u00faltimos minutos. Los de Santa Coloma, estuvieron por delante en el marcador, y al igual que la semana pasada, vieron como se le escapaban 2 valiosos puntos del campo de Sant Mart\u00ed, en los \u00faltimos instantes del choque. Una pena, porque casi ten\u00edan asegurada la victoria en campo contrario.<\/p>\n<p style=\"text-align: justify;\">[divider]<\/p>\n<p style=\"text-align: center;\"><a href=\"http:\/\/fegrama.cat\/web\/wp-content\/uploads\/2014\/12\/ESCOLA-DFUNDACIO-GRAMA-SANTA-COLOMA.jpg\"><img loading=\"lazy\" decoding=\"async\" class=\"aligncenter  wp-image-8348\" alt=\"ESCOLA D,FUNDACIO GRAMA SANTA COLOMA\" src=\"http:\/\/fegrama.cat\/web\/wp-content\/uploads\/2014\/12\/ESCOLA-DFUNDACIO-GRAMA-SANTA-COLOMA.jpg\" width=\"448\" height=\"336\" srcset=\"http:\/\/fegrama.cat\/web\/wp-content\/uploads\/2014\/12\/ESCOLA-DFUNDACIO-GRAMA-SANTA-COLOMA.jpg 640w, http:\/\/fegrama.cat\/web\/wp-content\/uploads\/2014\/12\/ESCOLA-DFUNDACIO-GRAMA-SANTA-COLOMA-300x225.jpg 300w\" sizes=\"auto, (max-width: 448px) 100vw, 448px\" \/><\/a><\/p>\n<p style=\"text-align: justify;\">JOAN CORET, 9 ESCUELA \u00abD\u00bb, 0<\/p>\n<p style=\"text-align: justify;\">Tremendo batacazo el que se llevaron los chavales del escuela \u00abD\u00bb de la Fundaci\u00f3 Esportiva Grama, en su visita al campo de f\u00fatbol sala del Joan Coret. Un partido sin mucha historia, aunque es preciso tener en cuenta que los locales, en esta ocasi\u00f3n, jugaron con chavales mas mayores que los componentes del equipo colomenses. Se dieron muchas circunstancias en contra de los azulados.<\/p>\n","protected":false},"excerpt":{"rendered":"<p>&nbsp; POMAR, 4 ESCUELA \u201cA\u201d, 3 Por el resultado registrado en este partido, alguien que no lo hubiera presenciado en directo, podr\u00eda pensar que se trat\u00f3 de un choque lleno de alternativas por parte de uno y otro equipo, pero nada mas lejos de la verdad. Fue un encuentro aburrido \u00a0y con poca claridad por [&hellip;]<\/p>\n","protected":false},"author":1,"featured_media":0,"comment_status":"closed","ping_status":"closed","sticky":false,"template":"","format":"standard","meta":{"footnotes":""},"categories":[4,33],"tags":[],"class_list":["post-9914","post","type-post","status-publish","format-standard","hentry","category-base-inclusiu","category-escola-diari-feg"],"_links":{"self":[{"href":"http:\/\/fegrama.cat\/web\/wp-json\/wp\/v2\/posts\/9914","targetHints":{"allow":["GET"]}}],"collection":[{"href":"http:\/\/fegrama.cat\/web\/wp-json\/wp\/v2\/posts"}],"about":[{"href":"http:\/\/fegrama.cat\/web\/wp-json\/wp\/v2\/types\/post"}],"author":[{"embeddable":true,"href":"http:\/\/fegrama.cat\/web\/wp-json\/wp\/v2\/users\/1"}],"replies":[{"embeddable":true,"href":"http:\/\/fegrama.cat\/web\/wp-json\/wp\/v2\/comments?post=9914"}],"version-history":[{"count":5,"href":"http:\/\/fegrama.cat\/web\/wp-json\/wp\/v2\/posts\/9914\/revisions"}],"predecessor-version":[{"id":9968,"href":"http:\/\/fegrama.cat\/web\/wp-json\/wp\/v2\/posts\/9914\/revisions\/9968"}],"wp:attachment":[{"href":"http:\/\/fegrama.cat\/web\/wp-json\/wp\/v2\/media?parent=9914"}],"wp:term":[{"taxonomy":"category","embeddable":true,"href":"http:\/\/fegrama.cat\/web\/wp-json\/wp\/v2\/categories?post=9914"},{"taxonomy":"post_tag","embeddable":true,"href":"http:\/\/fegrama.cat\/web\/wp-json\/wp\/v2\/tags?post=9914"}],"curies":[{"name":"wp","href":"https:\/\/api.w.org\/{rel}","templated":true}]}}