{"id":9910,"date":"2015-03-09T22:30:28","date_gmt":"2015-03-09T21:30:28","guid":{"rendered":"http:\/\/fegrama.cat\/web\/?p=9910"},"modified":"2015-03-10T18:44:04","modified_gmt":"2015-03-10T17:44:04","slug":"derrota-in-extremis-per-lalevi-b-contra-el-sarria","status":"publish","type":"post","link":"http:\/\/fegrama.cat\/web\/derrota-in-extremis-per-lalevi-b-contra-el-sarria\/","title":{"rendered":"Derrota in extremis de l&#8217;Alev\u00ed B contra el Sarri\u00e0"},"content":{"rendered":"<p style=\"text-align: center;\"><a href=\"http:\/\/fegrama.cat\/web\/wp-content\/uploads\/2015\/03\/alev-b.jpg\"><img loading=\"lazy\" decoding=\"async\" class=\"aligncenter  wp-image-9911\" alt=\"alev b\" src=\"http:\/\/fegrama.cat\/web\/wp-content\/uploads\/2015\/03\/alev-b.jpg\" width=\"672\" height=\"504\" \/><\/a><\/p>\n<p style=\"text-align: justify;\">Partit molt disputat a Can Caralleu, entre el CP Sarri\u00e0 i els alevins \u00abB\u00bb de la Fundaci\u00f3 Esportiva Grama. La veritat \u00e9s que el domini va correspondre als de Santa Coloma, que des de l&#8217;inici es va fer amb el control de joc, encara que sense poder definir de cara al marc contrari, circumst\u00e0ncia que si va aprofitar en aquesta ocasi\u00f3 l&#8217;equip local., Que sense flu\u00efdesa en el seu futbol i jugant ja el tercer quart, van aconseguir posar-se per davant en el marcador, amb un 2-0. Un resultat que d&#8217;entrada era per desanimar els blaus, per\u00f2 va passar tot el contrari, ja que els xavals de l&#8217;alev\u00ed \u00abB\u00bb, van aconseguir igualar el marcador, posant-2-2.Sin aix\u00f2, la sort es va aliar amb els de Sarri\u00e0, arribat el tercer gol per a ells. En qualsevol cas, res a recriminar-li als components de la FEGrama, que van mantenir la seva fidelitat al joc habitual i mai van regalar el partit lluitant fins al final.<\/p>\n<p style=\"text-align: justify;\">[divider]<\/p>\n<p style=\"text-align: justify;\">Partido muy disputado en Can Caralleu, entre el C.P. Sarri\u00e1 y los alevines \u201cB\u201d de la Fundaci\u00f3 Esportiva Grama. La verdad es que el dominio correspondi\u00f3 a los de Santa Coloma, que desde el inicio se hizo con el control de juego, aunque sin poder definir de cara al marco contrario, circunstancia que si aprovech\u00f3 en esta ocasi\u00f3n el equipo local., que sin fluidez en su f\u00fatbol y jugando ya el tercer cuarto, consiguieron ponerse por delante en el marcador, con un 2-0. Un resultado que de entrada era para desanimar a los azulados, pero ocurri\u00f3 todo lo contrario, ya que los chavales del alev\u00edn \u201cB\u201d, lograronigualar el marcador, poni\u00e9ndolo 2-2.Sin embargo, la suerte se ali\u00f3 con los de Sarri\u00e1, llegado el tercer tanto para ellos. En cualquier caso, nada que recriminarle a los componentes de la FEGrama, que mantuvieron su fidelidad al juego habitual y nunca regalaron el partido peleando hasta el final.<\/p>\n","protected":false},"excerpt":{"rendered":"<p>Partit molt disputat a Can Caralleu, entre el CP Sarri\u00e0 i els alevins \u00abB\u00bb de la Fundaci\u00f3 Esportiva Grama. La veritat \u00e9s que el domini va correspondre als de Santa Coloma, que des de l&#8217;inici es va fer amb el control de joc, encara que sense poder definir de cara al marc contrari, circumst\u00e0ncia que [&hellip;]<\/p>\n","protected":false},"author":1,"featured_media":0,"comment_status":"closed","ping_status":"closed","sticky":false,"template":"","format":"standard","meta":{"footnotes":""},"categories":[10,4],"tags":[],"class_list":["post-9910","post","type-post","status-publish","format-standard","hentry","category-alevins","category-base-inclusiu"],"_links":{"self":[{"href":"http:\/\/fegrama.cat\/web\/wp-json\/wp\/v2\/posts\/9910","targetHints":{"allow":["GET"]}}],"collection":[{"href":"http:\/\/fegrama.cat\/web\/wp-json\/wp\/v2\/posts"}],"about":[{"href":"http:\/\/fegrama.cat\/web\/wp-json\/wp\/v2\/types\/post"}],"author":[{"embeddable":true,"href":"http:\/\/fegrama.cat\/web\/wp-json\/wp\/v2\/users\/1"}],"replies":[{"embeddable":true,"href":"http:\/\/fegrama.cat\/web\/wp-json\/wp\/v2\/comments?post=9910"}],"version-history":[{"count":2,"href":"http:\/\/fegrama.cat\/web\/wp-json\/wp\/v2\/posts\/9910\/revisions"}],"predecessor-version":[{"id":9913,"href":"http:\/\/fegrama.cat\/web\/wp-json\/wp\/v2\/posts\/9910\/revisions\/9913"}],"wp:attachment":[{"href":"http:\/\/fegrama.cat\/web\/wp-json\/wp\/v2\/media?parent=9910"}],"wp:term":[{"taxonomy":"category","embeddable":true,"href":"http:\/\/fegrama.cat\/web\/wp-json\/wp\/v2\/categories?post=9910"},{"taxonomy":"post_tag","embeddable":true,"href":"http:\/\/fegrama.cat\/web\/wp-json\/wp\/v2\/tags?post=9910"}],"curies":[{"name":"wp","href":"https:\/\/api.w.org\/{rel}","templated":true}]}}