{"id":99,"date":"2013-11-25T10:16:35","date_gmt":"2013-11-25T10:16:35","guid":{"rendered":"http:\/\/fegrama.cat\/web\/?p=99"},"modified":"2013-11-25T10:16:35","modified_gmt":"2013-11-25T10:16:35","slug":"enregistrament-de-lhimne-de-la-fundacio-esportiva-grama","status":"publish","type":"post","link":"http:\/\/fegrama.cat\/web\/enregistrament-de-lhimne-de-la-fundacio-esportiva-grama\/","title":{"rendered":"Enregistrament de l&#8217;Himne de la Fundaci\u00f3 Esportiva Grama"},"content":{"rendered":"<p><a href=\"http:\/\/fegrama.cat\/web\/wp-content\/uploads\/2013\/11\/himne_feg.jpg\"><img loading=\"lazy\" decoding=\"async\" class=\"size-full wp-image-100 alignright\" alt=\"himne_feg\" src=\"http:\/\/fegrama.cat\/web\/wp-content\/uploads\/2013\/11\/himne_feg.jpg\" width=\"265\" height=\"197\" \/><\/a>Cada cop es van descobrint nous detalls de la can\u00e7\u00f2 de PREBE dedica a la <a href=\"https:\/\/www.facebook.com\/FundacioesportivaGrama?directed_target_id=0\" data-hovercard=\"\/ajax\/hovercard\/page.php?id=538322682869948&amp;extragetparams=%7B%22directed_target_id%22%3A0%7D\">Fundaci\u00f3 esportiva Grama<\/a> Com l&#8217;enregistrament d&#8217;aquest mat\u00ed de diumenge al <a href=\"https:\/\/www.facebook.com\/centredecreaciomusical?directed_target_id=0\" data-hovercard=\"\/ajax\/hovercard\/user.php?id=100000663649675&amp;extragetparams=%7B%22directed_target_id%22%3A0%7D\">Molinet Centre de creaci\u00f3 musical<\/a> per part de jugadors i jugadores de la FEG i d&#8217;algunes petites grans artistes convidades.<\/p>\n<p>Us esperem el dia 6 de dessembre a la Presentaci\u00f3 oficial dels equips de la FEG i del directe d&#8217;aquest nou himne. Us hi esperem!! Recull les teves invitacions al Nou Municipal!!!<\/p>\n","protected":false},"excerpt":{"rendered":"<p>Cada cop es van descobrint nous detalls de la can\u00e7\u00f2 de PREBE dedica a la Fundaci\u00f3 esportiva Grama Com l&#8217;enregistrament d&#8217;aquest mat\u00ed de diumenge al Molinet Centre de creaci\u00f3 musical per part de jugadors i jugadores de la FEG i d&#8217;algunes petites grans artistes convidades. Us esperem el dia 6 de dessembre a la Presentaci\u00f3 [&hellip;]<\/p>\n","protected":false},"author":1,"featured_media":100,"comment_status":"closed","ping_status":"closed","sticky":false,"template":"","format":"standard","meta":{"footnotes":""},"categories":[14],"tags":[],"class_list":["post-99","post","type-post","status-publish","format-standard","has-post-thumbnail","hentry","category-noticies"],"_links":{"self":[{"href":"http:\/\/fegrama.cat\/web\/wp-json\/wp\/v2\/posts\/99","targetHints":{"allow":["GET"]}}],"collection":[{"href":"http:\/\/fegrama.cat\/web\/wp-json\/wp\/v2\/posts"}],"about":[{"href":"http:\/\/fegrama.cat\/web\/wp-json\/wp\/v2\/types\/post"}],"author":[{"embeddable":true,"href":"http:\/\/fegrama.cat\/web\/wp-json\/wp\/v2\/users\/1"}],"replies":[{"embeddable":true,"href":"http:\/\/fegrama.cat\/web\/wp-json\/wp\/v2\/comments?post=99"}],"version-history":[{"count":1,"href":"http:\/\/fegrama.cat\/web\/wp-json\/wp\/v2\/posts\/99\/revisions"}],"predecessor-version":[{"id":101,"href":"http:\/\/fegrama.cat\/web\/wp-json\/wp\/v2\/posts\/99\/revisions\/101"}],"wp:featuredmedia":[{"embeddable":true,"href":"http:\/\/fegrama.cat\/web\/wp-json\/wp\/v2\/media\/100"}],"wp:attachment":[{"href":"http:\/\/fegrama.cat\/web\/wp-json\/wp\/v2\/media?parent=99"}],"wp:term":[{"taxonomy":"category","embeddable":true,"href":"http:\/\/fegrama.cat\/web\/wp-json\/wp\/v2\/categories?post=99"},{"taxonomy":"post_tag","embeddable":true,"href":"http:\/\/fegrama.cat\/web\/wp-json\/wp\/v2\/tags?post=99"}],"curies":[{"name":"wp","href":"https:\/\/api.w.org\/{rel}","templated":true}]}}