{"id":9754,"date":"2015-03-02T16:50:16","date_gmt":"2015-03-02T15:50:16","guid":{"rendered":"http:\/\/fegrama.cat\/web\/?p=9754"},"modified":"2015-03-02T16:50:16","modified_gmt":"2015-03-02T15:50:16","slug":"merescuda-victoria-pel-prebenjami-b","status":"publish","type":"post","link":"http:\/\/fegrama.cat\/web\/merescuda-victoria-pel-prebenjami-b\/","title":{"rendered":"Merescuda vict\u00f2ria pel Prebenjam\u00ed B"},"content":{"rendered":"<div id=\"gt-src-p\">\n<div id=\"select_document\"><a href=\"http:\/\/fegrama.cat\/web\/wp-content\/uploads\/2015\/03\/prebenj-b.jpg\"><img loading=\"lazy\" decoding=\"async\" class=\"aligncenter  wp-image-9755\" alt=\"prebenj b\" src=\"http:\/\/fegrama.cat\/web\/wp-content\/uploads\/2015\/03\/prebenj-b.jpg\" width=\"672\" height=\"504\" \/><\/a><\/div>\n<\/div>\n<div id=\"gt-res-c\">\n<div id=\"gt-res-p\">\n<div id=\"gt-res-data\">\n<div id=\"gt-res-wrap\">\n<div id=\"gt-res-content\">\n<div dir=\"ltr\"><\/div>\n<div dir=\"ltr\">Magn\u00edfic\u00a0partit\u00a0el disputat\u00a0per l&#8217;equip\u00a0prebenjam\u00ed\u00a0\u00abB\u00bb de la\u00a0Fundaci\u00f3Esportiva\u00a0Grama, davant del\u00a0Sangrerenc.\u00a0Un xoc\u00a0dominat\u00a0des\u00a0del principi fins al\u00a0final pels\u00a0locals queaconseguien\u00a0avan\u00e7ar-se al\u00a0marcat\u00a0als 6\u00a0minuts\u00a0de joc.\u00a0Despr\u00e9s\u00a0amb el control\u00a0absolut de la\u00a0Grama, van arribar\u00a0dues jugades\u00a0d&#8217;infortuni\u00a0per al\u00a0Sangrerenc,\u00a0que es va trobar amb un\u00a0gol\u00a0en pr\u00f2pia\u00a0porta i un\u00a0penal\u00a0que va suposar\u00a0la desesperaci\u00f3\u00a0dels\u00a0visitants.\u00a0El triomf\u00a0colomenc\u00a0va ser dedicat a\u00a0Dani\u00a0Gutierrez,\u00a0que\u00a0per estar\u00a0lesionat\u00a0no va poder acompanyar els seus\u00a0companys. Resultat final, 6-1.<\/div>\n<div dir=\"ltr\"><\/div>\n<div dir=\"ltr\">[divider]<\/div>\n<div dir=\"ltr\"><\/div>\n<div dir=\"ltr\">MagnIfico partido el disputado por el equipo prebenjam\u00edn \u201cB\u201d de la Fundaci\u00f3Esportiva Grama, frente al Sangrerenc. Un choque dominado desde el principio hasta el final por los locales que consegu\u00edan adelantarse en el marcado a los 6 minutos de juego. Despu\u00e9s con el control absoluto de la Grama, llegaron dos jugadas de infortunio para el Sangrerenc, que se encontr\u00f3 con un gol en propia puerta y un penalti que supuso el desespero de los visitantes. El triunfo colomense fue dedicado a Dani Gutierrez, que porestar lesionado no pudo acompa\u00f1ar a sus compa\u00f1eros. Resultado final 6-1.<\/div>\n<\/div>\n<\/div>\n<\/div>\n<\/div>\n<\/div>\n","protected":false},"excerpt":{"rendered":"<p>Magn\u00edfic\u00a0partit\u00a0el disputat\u00a0per l&#8217;equip\u00a0prebenjam\u00ed\u00a0\u00abB\u00bb de la\u00a0Fundaci\u00f3Esportiva\u00a0Grama, davant del\u00a0Sangrerenc.\u00a0Un xoc\u00a0dominat\u00a0des\u00a0del principi fins al\u00a0final pels\u00a0locals queaconseguien\u00a0avan\u00e7ar-se al\u00a0marcat\u00a0als 6\u00a0minuts\u00a0de joc.\u00a0Despr\u00e9s\u00a0amb el control\u00a0absolut de la\u00a0Grama, van arribar\u00a0dues jugades\u00a0d&#8217;infortuni\u00a0per al\u00a0Sangrerenc,\u00a0que es va trobar amb un\u00a0gol\u00a0en pr\u00f2pia\u00a0porta i un\u00a0penal\u00a0que va suposar\u00a0la desesperaci\u00f3\u00a0dels\u00a0visitants.\u00a0El triomf\u00a0colomenc\u00a0va ser dedicat a\u00a0Dani\u00a0Gutierrez,\u00a0que\u00a0per estar\u00a0lesionat\u00a0no va poder acompanyar els seus\u00a0companys. Resultat final, 6-1. [divider] MagnIfico partido el disputado por el [&hellip;]<\/p>\n","protected":false},"author":1,"featured_media":0,"comment_status":"closed","ping_status":"closed","sticky":false,"template":"","format":"standard","meta":{"footnotes":""},"categories":[4,12],"tags":[],"class_list":["post-9754","post","type-post","status-publish","format-standard","hentry","category-base-inclusiu","category-prebenjamins"],"_links":{"self":[{"href":"http:\/\/fegrama.cat\/web\/wp-json\/wp\/v2\/posts\/9754","targetHints":{"allow":["GET"]}}],"collection":[{"href":"http:\/\/fegrama.cat\/web\/wp-json\/wp\/v2\/posts"}],"about":[{"href":"http:\/\/fegrama.cat\/web\/wp-json\/wp\/v2\/types\/post"}],"author":[{"embeddable":true,"href":"http:\/\/fegrama.cat\/web\/wp-json\/wp\/v2\/users\/1"}],"replies":[{"embeddable":true,"href":"http:\/\/fegrama.cat\/web\/wp-json\/wp\/v2\/comments?post=9754"}],"version-history":[{"count":1,"href":"http:\/\/fegrama.cat\/web\/wp-json\/wp\/v2\/posts\/9754\/revisions"}],"predecessor-version":[{"id":9756,"href":"http:\/\/fegrama.cat\/web\/wp-json\/wp\/v2\/posts\/9754\/revisions\/9756"}],"wp:attachment":[{"href":"http:\/\/fegrama.cat\/web\/wp-json\/wp\/v2\/media?parent=9754"}],"wp:term":[{"taxonomy":"category","embeddable":true,"href":"http:\/\/fegrama.cat\/web\/wp-json\/wp\/v2\/categories?post=9754"},{"taxonomy":"post_tag","embeddable":true,"href":"http:\/\/fegrama.cat\/web\/wp-json\/wp\/v2\/tags?post=9754"}],"curies":[{"name":"wp","href":"https:\/\/api.w.org\/{rel}","templated":true}]}}