{"id":9747,"date":"2015-03-02T16:37:36","date_gmt":"2015-03-02T15:37:36","guid":{"rendered":"http:\/\/fegrama.cat\/web\/?p=9747"},"modified":"2015-03-02T16:37:36","modified_gmt":"2015-03-02T15:37:36","slug":"tres-punts-dor-pel-cadet-c-contra-la-salut-pere-gol","status":"publish","type":"post","link":"http:\/\/fegrama.cat\/web\/tres-punts-dor-pel-cadet-c-contra-la-salut-pere-gol\/","title":{"rendered":"Tres punts d&#8217;or pel Cadet C contra la Salut Pere-Gol"},"content":{"rendered":"<p style=\"text-align: center;\"><a href=\"http:\/\/fegrama.cat\/web\/wp-content\/uploads\/2015\/03\/cadete-c.jpg\"><img loading=\"lazy\" decoding=\"async\" class=\"aligncenter  wp-image-9748\" alt=\"cadete c\" src=\"http:\/\/fegrama.cat\/web\/wp-content\/uploads\/2015\/03\/cadete-c.jpg\" width=\"672\" height=\"504\" \/><\/a><\/p>\n<p style=\"text-align: justify;\">Enfrontament molt dif\u00edcil a priori per la necessitat de portar-se els punts per part del cadet \u00abC\u00bb de la Fundaci\u00f3 Esportiva Grama davant del conjunt Pere Gol. El quadre local en aquest cas hi va posar molt complicat als xavals colomencs, perqu\u00e8 no trobaven espais, a m\u00e9s de caminar una mica lents en el desenvolupament del joc. Ja m\u00e9s avan\u00e7at el xoc, gr\u00e0cies a una passada interior, va arribar el primer gol, despr\u00e9s d&#8217;una bona definici\u00f3 de Toni Guisado. A la segona part amb un joc m\u00e9s vertical i perill\u00f3s, van aconseguir encertar en el marc contrari fins aconseguir el 1-5 definitiu en la confrontaci\u00f3.<\/p>\n<p style=\"text-align: justify;\">[divider]<\/p>\n<p style=\"text-align: justify;\">Encuentro muy dif\u00edcil a priori por la necesidad de llevarse los puntos por parte del cadete \u201cC\u201d de la Fundaci\u00f3 Esportiva Grama frente al conjunto Pere Gol. El cuadro local en este caso se lo puso muy complicado a los chavales colomenses, porque no encontraban espacios, adem\u00e1s de andar algo lentos en el desarrollo del juego. Ya mas avanzado el choque , gracias a un pase interior, lleg\u00f3 el primer gol, despu\u00e9s de una buena definici\u00f3n de Toni Guisado. En la segunda parte con un juego mas vertical y peligroso, consiguieron acertar en el marco contrario hasta conseguir el 1-5 definitivo en la confrontaci\u00f3n.<\/p>\n","protected":false},"excerpt":{"rendered":"<p>Enfrontament molt dif\u00edcil a priori per la necessitat de portar-se els punts per part del cadet \u00abC\u00bb de la Fundaci\u00f3 Esportiva Grama davant del conjunt Pere Gol. El quadre local en aquest cas hi va posar molt complicat als xavals colomencs, perqu\u00e8 no trobaven espais, a m\u00e9s de caminar una mica lents en el desenvolupament [&hellip;]<\/p>\n","protected":false},"author":1,"featured_media":0,"comment_status":"closed","ping_status":"closed","sticky":false,"template":"","format":"standard","meta":{"footnotes":""},"categories":[4,7],"tags":[],"class_list":["post-9747","post","type-post","status-publish","format-standard","hentry","category-base-inclusiu","category-cadets"],"_links":{"self":[{"href":"http:\/\/fegrama.cat\/web\/wp-json\/wp\/v2\/posts\/9747","targetHints":{"allow":["GET"]}}],"collection":[{"href":"http:\/\/fegrama.cat\/web\/wp-json\/wp\/v2\/posts"}],"about":[{"href":"http:\/\/fegrama.cat\/web\/wp-json\/wp\/v2\/types\/post"}],"author":[{"embeddable":true,"href":"http:\/\/fegrama.cat\/web\/wp-json\/wp\/v2\/users\/1"}],"replies":[{"embeddable":true,"href":"http:\/\/fegrama.cat\/web\/wp-json\/wp\/v2\/comments?post=9747"}],"version-history":[{"count":1,"href":"http:\/\/fegrama.cat\/web\/wp-json\/wp\/v2\/posts\/9747\/revisions"}],"predecessor-version":[{"id":9749,"href":"http:\/\/fegrama.cat\/web\/wp-json\/wp\/v2\/posts\/9747\/revisions\/9749"}],"wp:attachment":[{"href":"http:\/\/fegrama.cat\/web\/wp-json\/wp\/v2\/media?parent=9747"}],"wp:term":[{"taxonomy":"category","embeddable":true,"href":"http:\/\/fegrama.cat\/web\/wp-json\/wp\/v2\/categories?post=9747"},{"taxonomy":"post_tag","embeddable":true,"href":"http:\/\/fegrama.cat\/web\/wp-json\/wp\/v2\/tags?post=9747"}],"curies":[{"name":"wp","href":"https:\/\/api.w.org\/{rel}","templated":true}]}}