{"id":9741,"date":"2015-03-02T16:04:30","date_gmt":"2015-03-02T15:04:30","guid":{"rendered":"http:\/\/fegrama.cat\/web\/?p=9741"},"modified":"2015-03-02T16:04:30","modified_gmt":"2015-03-02T15:04:30","slug":"empat-contra-el-sangra-que-sap-a-poc-pel-benjami-a","status":"publish","type":"post","link":"http:\/\/fegrama.cat\/web\/empat-contra-el-sangra-que-sap-a-poc-pel-benjami-a\/","title":{"rendered":"Empat contra el \u00abSangra\u00bb que sap a poc pel Benjam\u00ed A"},"content":{"rendered":"<p style=\"text-align: center;\"><a href=\"http:\/\/fegrama.cat\/web\/wp-content\/uploads\/2015\/03\/bejn-a.jpg\"><img loading=\"lazy\" decoding=\"async\" class=\"aligncenter  wp-image-9742\" alt=\"bejn a\" src=\"http:\/\/fegrama.cat\/web\/wp-content\/uploads\/2015\/03\/bejn-a.jpg\" width=\"672\" height=\"504\" \/><\/a><\/p>\n<p style=\"text-align: justify;\">Partit molt igualat el que van disputar el Sant Gabriel i el benjam\u00ed \u00abA\u00bb de la Fundaci\u00f3Esportiva Grama. Un xoc en qu\u00e8 els de Santa Coloma es van buidar des del primer minut, fet que els passaria factura en els \u00faltims minuts del partit. Per comen\u00e7ar els blaus van aconseguir posar-se per davant en el marcador amb dos gols de difer\u00e8ncia sobre el \u00abSangra\u00bb. Amb aquest avantatge i faltant tres minuts per a la conclusi\u00f3ndel partit els locals en dues jugades molt r\u00e0pides aconseguien fer-se amb l&#8217;empat com a mal menor.<\/p>\n<p style=\"text-align: justify;\">[divider]<\/p>\n<p style=\"text-align: justify;\">Partido muy igualado el que disputaron el San Gabriel y el benjam\u00edn \u201cA\u201d de la Fundaci\u00f3Esportiva Grama. Un choque en el que los de Santa Coloma se vaciaron desde el primerminuto, hecho que les pasar\u00eda factura en los \u00faltimos minutos del encuentro. Para empezar los azulados consiguieron ponerse por delante en el marcador con dos goles de diferencia sobre el \u201cSangra\u201d . Con esa ventaja y faltando tres minutos para la conclusi\u00f3n del partido los locales en dos jugadas muy r\u00e1pidas consegu\u00edan hacerse con el empate como mal menor.<\/p>\n","protected":false},"excerpt":{"rendered":"<p>Partit molt igualat el que van disputar el Sant Gabriel i el benjam\u00ed \u00abA\u00bb de la Fundaci\u00f3Esportiva Grama. Un xoc en qu\u00e8 els de Santa Coloma es van buidar des del primer minut, fet que els passaria factura en els \u00faltims minuts del partit. Per comen\u00e7ar els blaus van aconseguir posar-se per davant en el [&hellip;]<\/p>\n","protected":false},"author":1,"featured_media":0,"comment_status":"closed","ping_status":"closed","sticky":false,"template":"","format":"standard","meta":{"footnotes":""},"categories":[4,11],"tags":[],"class_list":["post-9741","post","type-post","status-publish","format-standard","hentry","category-base-inclusiu","category-benjamins"],"_links":{"self":[{"href":"http:\/\/fegrama.cat\/web\/wp-json\/wp\/v2\/posts\/9741","targetHints":{"allow":["GET"]}}],"collection":[{"href":"http:\/\/fegrama.cat\/web\/wp-json\/wp\/v2\/posts"}],"about":[{"href":"http:\/\/fegrama.cat\/web\/wp-json\/wp\/v2\/types\/post"}],"author":[{"embeddable":true,"href":"http:\/\/fegrama.cat\/web\/wp-json\/wp\/v2\/users\/1"}],"replies":[{"embeddable":true,"href":"http:\/\/fegrama.cat\/web\/wp-json\/wp\/v2\/comments?post=9741"}],"version-history":[{"count":1,"href":"http:\/\/fegrama.cat\/web\/wp-json\/wp\/v2\/posts\/9741\/revisions"}],"predecessor-version":[{"id":9743,"href":"http:\/\/fegrama.cat\/web\/wp-json\/wp\/v2\/posts\/9741\/revisions\/9743"}],"wp:attachment":[{"href":"http:\/\/fegrama.cat\/web\/wp-json\/wp\/v2\/media?parent=9741"}],"wp:term":[{"taxonomy":"category","embeddable":true,"href":"http:\/\/fegrama.cat\/web\/wp-json\/wp\/v2\/categories?post=9741"},{"taxonomy":"post_tag","embeddable":true,"href":"http:\/\/fegrama.cat\/web\/wp-json\/wp\/v2\/tags?post=9741"}],"curies":[{"name":"wp","href":"https:\/\/api.w.org\/{rel}","templated":true}]}}