{"id":9736,"date":"2015-03-02T16:01:15","date_gmt":"2015-03-02T15:01:15","guid":{"rendered":"http:\/\/fegrama.cat\/web\/?p=9736"},"modified":"2015-03-02T16:01:21","modified_gmt":"2015-03-02T15:01:21","slug":"linfantil-c-guanya-al-stoichkov-i-segueix-lluitant-pel-titol","status":"publish","type":"post","link":"http:\/\/fegrama.cat\/web\/linfantil-c-guanya-al-stoichkov-i-segueix-lluitant-pel-titol\/","title":{"rendered":"L&#8217;Infantil C guanya al Stoichkov  i segueix lluitant pel t\u00edtol"},"content":{"rendered":"<p style=\"text-align: center;\"><a href=\"http:\/\/fegrama.cat\/web\/wp-content\/uploads\/2015\/03\/inf-c.jpg\"><img loading=\"lazy\" decoding=\"async\" class=\"aligncenter  wp-image-9737\" alt=\"inf c\" src=\"http:\/\/fegrama.cat\/web\/wp-content\/uploads\/2015\/03\/inf-c.jpg\" width=\"672\" height=\"504\" \/><\/a><\/p>\n<p>Partit important\u00edssim el d&#8217;aquest cap de setmana contra el l\u00edder del grup, en qu\u00e8 l&#8217;equip infantil \u00abC\u00bb de la Fundaci\u00f3 Esportiva Grama es jugava la temporada, per\u00f2 la motivaci\u00f3 dels xavals colomencs davant la Penya Stoichkov ha estat decisiva despr\u00e9s de jugar els minuts reglamentaris. La veritat \u00e9s que els visitants es van avan\u00e7ar en el marcador (0-1), tot i que la Grama no li va perdre la cara al partit, mantenint-se en el seu esquema de joc i buscant superar al contrari, circumst\u00e0ncia que es donaria en la primera part, superant al adversari en el marcador. A la segona part es va mantenir la superioritat local, sense deixar buit que facilit\u00e9s les coses al rival. Triomf final per 3-1, que permet a la Grama seguir lluitant per la lliga.<\/p>\n<p>[divider]<\/p>\n<p style=\"text-align: justify;\">Partido important\u00edsimo el de este fin de semana contra el l\u00edder del grupo, en el que el equipo infantil \u201cC\u201d de la Fundaci\u00f3n Esportiva Grama se jugaba la temporada, pero la motivaci\u00f3n de los chavales colomenses frente a la Penya Stoichkov ha sido decisiva despu\u00e9s de jugar los minutos reglamentarios. Lo cierto es que los visitantes seadelantaron en el marcado (0-1), aunque la Grama nunca le perdi\u00f3 la cara al partido, manteni\u00e9ndose en su esquema de juego y buscando superara al contrario, circunstancia que se dar\u00eda en la primera parte, superando al adversario en el marcador. En la segunda parte se mantuvo la superioridad local, sin dejar hueco que facilitara las cosas al rival. Triunfo final por 3-1, que permite a la Grama seguir luchando por la liga.<\/p>\n","protected":false},"excerpt":{"rendered":"<p>Partit important\u00edssim el d&#8217;aquest cap de setmana contra el l\u00edder del grup, en qu\u00e8 l&#8217;equip infantil \u00abC\u00bb de la Fundaci\u00f3 Esportiva Grama es jugava la temporada, per\u00f2 la motivaci\u00f3 dels xavals colomencs davant la Penya Stoichkov ha estat decisiva despr\u00e9s de jugar els minuts reglamentaris. La veritat \u00e9s que els visitants es van avan\u00e7ar en [&hellip;]<\/p>\n","protected":false},"author":1,"featured_media":0,"comment_status":"closed","ping_status":"closed","sticky":false,"template":"","format":"standard","meta":{"footnotes":""},"categories":[4,9],"tags":[],"class_list":["post-9736","post","type-post","status-publish","format-standard","hentry","category-base-inclusiu","category-infantils"],"_links":{"self":[{"href":"http:\/\/fegrama.cat\/web\/wp-json\/wp\/v2\/posts\/9736","targetHints":{"allow":["GET"]}}],"collection":[{"href":"http:\/\/fegrama.cat\/web\/wp-json\/wp\/v2\/posts"}],"about":[{"href":"http:\/\/fegrama.cat\/web\/wp-json\/wp\/v2\/types\/post"}],"author":[{"embeddable":true,"href":"http:\/\/fegrama.cat\/web\/wp-json\/wp\/v2\/users\/1"}],"replies":[{"embeddable":true,"href":"http:\/\/fegrama.cat\/web\/wp-json\/wp\/v2\/comments?post=9736"}],"version-history":[{"count":3,"href":"http:\/\/fegrama.cat\/web\/wp-json\/wp\/v2\/posts\/9736\/revisions"}],"predecessor-version":[{"id":9740,"href":"http:\/\/fegrama.cat\/web\/wp-json\/wp\/v2\/posts\/9736\/revisions\/9740"}],"wp:attachment":[{"href":"http:\/\/fegrama.cat\/web\/wp-json\/wp\/v2\/media?parent=9736"}],"wp:term":[{"taxonomy":"category","embeddable":true,"href":"http:\/\/fegrama.cat\/web\/wp-json\/wp\/v2\/categories?post=9736"},{"taxonomy":"post_tag","embeddable":true,"href":"http:\/\/fegrama.cat\/web\/wp-json\/wp\/v2\/tags?post=9736"}],"curies":[{"name":"wp","href":"https:\/\/api.w.org\/{rel}","templated":true}]}}