{"id":9733,"date":"2015-03-02T15:50:33","date_gmt":"2015-03-02T14:50:33","guid":{"rendered":"http:\/\/fegrama.cat\/web\/?p=9733"},"modified":"2015-03-02T15:50:33","modified_gmt":"2015-03-02T14:50:33","slug":"linfantil-b-perd-a-base-de-corners","status":"publish","type":"post","link":"http:\/\/fegrama.cat\/web\/linfantil-b-perd-a-base-de-corners\/","title":{"rendered":"L&#8217;infantil B perd a base de c\u00f3rners."},"content":{"rendered":"<p style=\"text-align: center;\"><a href=\"http:\/\/fegrama.cat\/web\/wp-content\/uploads\/2015\/03\/inf-b.jpg\"><img loading=\"lazy\" decoding=\"async\" class=\"aligncenter  wp-image-9734\" alt=\"inf b\" src=\"http:\/\/fegrama.cat\/web\/wp-content\/uploads\/2015\/03\/inf-b.jpg\" width=\"672\" height=\"504\" \/><\/a><\/p>\n<p style=\"text-align: justify;\">Els xavals de l&#8217;infantil \u00abB\u00bb de la Fundaci\u00f3 Esportiva Grama, van deixar escapar \u00a0la possibilitat d&#8217;arrencar els tres punts al camp del Sant Pol. Uns primers 25 minuts impecables dels de Santa Coloma, gaudint de nombroses oportunitats, per\u00f2 sense materialitzar, fins a l&#8217;instant en qu\u00e8 va arribar el 0-1 resultat amb el que conclouria la primera part. En la represa el Sant Pol va comen\u00e7ar a jugar m\u00e9s per les bandes i aconseguint que es registressin diversos c\u00f3rners, i va ser aqu\u00ed on els de la costa es van trobar amb dos gols, a causa de la difer\u00e8ncia d&#8217;altura. Un resultat injust si no atenem a major esfor\u00e7 fet pels nois de la Grama.<\/p>\n<p style=\"text-align: justify;\">[divider]<\/p>\n<p>Los chavales del infantil \u201cB\u201d de la Fundaci\u00f3 Esportiva Grama, dejaron escapar una la posibilidad de arrancar los tres puntos en el campo del San Pol. Unos primeros 25 minutos impecables de los de Santa Coloma, gozando de numerosas oportunidades, pero sin materializar , hasta el instante en el que lleg\u00f3 el 0-1 resultado con el que concluir\u00eda la primera parte.En la reanudaci\u00f3n el San Pol empez\u00f3 a jugar mas por las bandas y consiguiendo que se registraran varios saques de esquina, y fue ah\u00ed donde los de la costa se encontraron con dos goles, debido a la diferencia de altura. Un resultado injusto si no atenemos al mayoresfuerzo hecho por los muchachos de la Grama.<\/p>\n","protected":false},"excerpt":{"rendered":"<p>Els xavals de l&#8217;infantil \u00abB\u00bb de la Fundaci\u00f3 Esportiva Grama, van deixar escapar \u00a0la possibilitat d&#8217;arrencar els tres punts al camp del Sant Pol. Uns primers 25 minuts impecables dels de Santa Coloma, gaudint de nombroses oportunitats, per\u00f2 sense materialitzar, fins a l&#8217;instant en qu\u00e8 va arribar el 0-1 resultat amb el que conclouria la [&hellip;]<\/p>\n","protected":false},"author":1,"featured_media":0,"comment_status":"closed","ping_status":"closed","sticky":false,"template":"","format":"standard","meta":{"footnotes":""},"categories":[4,9],"tags":[],"class_list":["post-9733","post","type-post","status-publish","format-standard","hentry","category-base-inclusiu","category-infantils"],"_links":{"self":[{"href":"http:\/\/fegrama.cat\/web\/wp-json\/wp\/v2\/posts\/9733","targetHints":{"allow":["GET"]}}],"collection":[{"href":"http:\/\/fegrama.cat\/web\/wp-json\/wp\/v2\/posts"}],"about":[{"href":"http:\/\/fegrama.cat\/web\/wp-json\/wp\/v2\/types\/post"}],"author":[{"embeddable":true,"href":"http:\/\/fegrama.cat\/web\/wp-json\/wp\/v2\/users\/1"}],"replies":[{"embeddable":true,"href":"http:\/\/fegrama.cat\/web\/wp-json\/wp\/v2\/comments?post=9733"}],"version-history":[{"count":1,"href":"http:\/\/fegrama.cat\/web\/wp-json\/wp\/v2\/posts\/9733\/revisions"}],"predecessor-version":[{"id":9735,"href":"http:\/\/fegrama.cat\/web\/wp-json\/wp\/v2\/posts\/9733\/revisions\/9735"}],"wp:attachment":[{"href":"http:\/\/fegrama.cat\/web\/wp-json\/wp\/v2\/media?parent=9733"}],"wp:term":[{"taxonomy":"category","embeddable":true,"href":"http:\/\/fegrama.cat\/web\/wp-json\/wp\/v2\/categories?post=9733"},{"taxonomy":"post_tag","embeddable":true,"href":"http:\/\/fegrama.cat\/web\/wp-json\/wp\/v2\/tags?post=9733"}],"curies":[{"name":"wp","href":"https:\/\/api.w.org\/{rel}","templated":true}]}}