{"id":9360,"date":"2015-02-09T18:32:16","date_gmt":"2015-02-09T17:32:16","guid":{"rendered":"http:\/\/fegrama.cat\/web\/?p=9360"},"modified":"2015-02-09T19:10:56","modified_gmt":"2015-02-09T18:10:56","slug":"nova-victoria-pel-cadet-a","status":"publish","type":"post","link":"http:\/\/fegrama.cat\/web\/nova-victoria-pel-cadet-a\/","title":{"rendered":"Nova vict\u00f2ria pel Cadet A"},"content":{"rendered":"<p style=\"text-align: center;\"><img loading=\"lazy\" decoding=\"async\" class=\"aligncenter  wp-image-8392\" alt=\"CADET AFUNDACIO GRAMA SANTA COLOMA\" src=\"http:\/\/fegrama.cat\/web\/wp-content\/uploads\/2014\/12\/CADET-AFUNDACIO-GRAMA-SANTA-COLOMA1.jpg\" width=\"410\" height=\"307\" srcset=\"http:\/\/fegrama.cat\/web\/wp-content\/uploads\/2014\/12\/CADET-AFUNDACIO-GRAMA-SANTA-COLOMA1.jpg 640w, http:\/\/fegrama.cat\/web\/wp-content\/uploads\/2014\/12\/CADET-AFUNDACIO-GRAMA-SANTA-COLOMA1-300x225.jpg 300w\" sizes=\"auto, (max-width: 410px) 100vw, 410px\" \/><\/p>\n<p style=\"text-align: justify;\">Encara existint una difer\u00e8ncia notable a la classificaci\u00f3 en favor del cadet \u00abA\u00bb de la Fundaci\u00f3, respecte al J\u00fapiter, el partit del passat cap de setmana no va ser gens f\u00e0cil per als colomencs. El partit va ser complicat des del primer minut, ja que el rival estava necessitat de punts sent molt complicat trencar les l\u00ednies dels grisgrana. No obstant aix\u00f2, l&#8217;esfor\u00e7 imposat pels locals al Nou Municipal de Santa Coloma, va suposar aconseguir l&#8217;objectiu final, el triomf per 2-0, el que \u00e9s un marcador m\u00e9s que suficient per afrontar la segona volta amb millors prop\u00f2sits.Tanto els jugadors que van participar en la confrontaci\u00f3, com el t\u00e8cnic del Cadet \u00aba\u00bb li van dedicar el triomf a Ra\u00fal, que havia recaigut en una lesi\u00f3 que ja patia al turmell.<\/p>\n<p style=\"text-align: justify;\">[divider]<\/p>\n<p style=\"text-align: justify;\">A\u00fan existiendo una diferencia notable en la clasificaci\u00f3n a favor del cadete \u00a0\u201cA\u201d de la Fundaci\u00f3n , con respecto al J\u00fapiter, el partido del pasado fin de semana no fue nada f\u00e1cil para los colomenses.El partido fue complicado desde el primer minuto, dado que el rival estaba necesitado de puntos siendo muy complicado romper las l\u00edneas de los grisgrana. Sin embargo, el esfuerzo impuesto por los locales en el Nou Municipal de Santa Coloma, supuso conseguir el objetivo final, el triunfo por 2-0, lo que es un tanteador mas que suficiente para afrontar la segunda vuelta con mejores prop\u00f3sitos si cabe.Tanto los jugadores que participaron en la confrontaci\u00f3n, como el t\u00e9cnico del Cadete \u201cA\u201d le dedicaron el triunfo a Ra\u00fal, que hab\u00eda reca\u00eddo en una lesi\u00f3n que ya padec\u00eda en el tobillo.<\/p>\n","protected":false},"excerpt":{"rendered":"<p>Encara existint una difer\u00e8ncia notable a la classificaci\u00f3 en favor del cadet \u00abA\u00bb de la Fundaci\u00f3, respecte al J\u00fapiter, el partit del passat cap de setmana no va ser gens f\u00e0cil per als colomencs. El partit va ser complicat des del primer minut, ja que el rival estava necessitat de punts sent molt complicat trencar [&hellip;]<\/p>\n","protected":false},"author":1,"featured_media":6665,"comment_status":"closed","ping_status":"closed","sticky":false,"template":"","format":"standard","meta":{"footnotes":""},"categories":[4,7],"tags":[],"class_list":["post-9360","post","type-post","status-publish","format-standard","has-post-thumbnail","hentry","category-base-inclusiu","category-cadets"],"_links":{"self":[{"href":"http:\/\/fegrama.cat\/web\/wp-json\/wp\/v2\/posts\/9360","targetHints":{"allow":["GET"]}}],"collection":[{"href":"http:\/\/fegrama.cat\/web\/wp-json\/wp\/v2\/posts"}],"about":[{"href":"http:\/\/fegrama.cat\/web\/wp-json\/wp\/v2\/types\/post"}],"author":[{"embeddable":true,"href":"http:\/\/fegrama.cat\/web\/wp-json\/wp\/v2\/users\/1"}],"replies":[{"embeddable":true,"href":"http:\/\/fegrama.cat\/web\/wp-json\/wp\/v2\/comments?post=9360"}],"version-history":[{"count":3,"href":"http:\/\/fegrama.cat\/web\/wp-json\/wp\/v2\/posts\/9360\/revisions"}],"predecessor-version":[{"id":9363,"href":"http:\/\/fegrama.cat\/web\/wp-json\/wp\/v2\/posts\/9360\/revisions\/9363"}],"wp:featuredmedia":[{"embeddable":true,"href":"http:\/\/fegrama.cat\/web\/wp-json\/wp\/v2\/media\/6665"}],"wp:attachment":[{"href":"http:\/\/fegrama.cat\/web\/wp-json\/wp\/v2\/media?parent=9360"}],"wp:term":[{"taxonomy":"category","embeddable":true,"href":"http:\/\/fegrama.cat\/web\/wp-json\/wp\/v2\/categories?post=9360"},{"taxonomy":"post_tag","embeddable":true,"href":"http:\/\/fegrama.cat\/web\/wp-json\/wp\/v2\/tags?post=9360"}],"curies":[{"name":"wp","href":"https:\/\/api.w.org\/{rel}","templated":true}]}}