{"id":7730,"date":"2014-11-28T19:28:00","date_gmt":"2014-11-28T18:28:00","guid":{"rendered":"http:\/\/fegrama.cat\/web\/?p=7730"},"modified":"2014-11-28T19:28:00","modified_gmt":"2014-11-28T18:28:00","slug":"el-prebenjami-b-fegrama-rebra-dissabte-a-les-oliveres-a-la-unificacio-llefia-vuite","status":"publish","type":"post","link":"http:\/\/fegrama.cat\/web\/el-prebenjami-b-fegrama-rebra-dissabte-a-les-oliveres-a-la-unificacio-llefia-vuite\/","title":{"rendered":"El Prebenjam\u00ed B FEGrama rebr\u00e0 dissabte a Les Oliveres a la Unificaci\u00f3 Llefi\u00e0, vuit\u00e8"},"content":{"rendered":"<p>El conjunt de la Fundaci\u00f3 Grama en la jornada 9 rebr\u00e0 a Les Oliveres a la Unificaci\u00f3 Llefi\u00e0, vuit\u00e8 amb 9 punts, ser\u00e0 el dissabte 29 de novembre des de les 12 hores.<\/p>\n<p>El conjunt de la FEGrama dirigit per Loli Hurtado va tornar a con\u00e8ixer el gust de la vict\u00f2ria a la qual ens est\u00e0 acostumant aquest cop en la seva visita a la Penya Barcelonista Cinc Copes per un resultat de 1-4 a la jornada anterior.<\/p>\n<p>Despr\u00e9s d&#8217;un empat a Santa Coloma davant la Vila Ol\u00edmpica per 3-3 en la jornada anterior, ara davant un altre rival directe a nom\u00e9s cinc punts, l&#8217;equip de la Fundaci\u00f3 Grama va ser davant del marcador en tot el partit primerament mitjan\u00e7ant el gol d&#8217;\u00c1lvaro Moreno als cinc minuts.<\/p>\n<p>Despr\u00e9s de l&#8217;empat dels locals dos minuts despr\u00e9s, un doblet d&#8217;Eric Andr\u00e9s ens donava una parcial i suficient avantatge respecte als de Barcelona. El gol final d&#8217;\u00c1lvaro significava el seu doblet particular i un definitiu marcador on els tres punts van viatjar a Santa Coloma.<\/p>\n<p>Despr\u00e9s d&#8217;un empat i dues vict\u00f2ries seguides com la de davant la Monta\u00f1esa per un contundent 14-0 en la jornada anterior, se segueixen sumant vict\u00f2ries, ni m\u00e9s ni menys que 7 a 8 jornades, per mantenir-nos en la tercera posici\u00f3 en la classificaci\u00f3 amb un total de 16 punts en aquest grup 20.<\/p>\n<p>Ens explica el partit nostra entrenadora FEGrama, Loli Hurtado: \u00abDurant el primer quart, el joc va ser bastant lent per les dues parts. A partir del segon quart, els nostres jugadors s&#8217;han posicionat en el camp molt millor. I a partir d&#8217;aqu\u00ed han jugat bastant la pilota respecte al contrari tot i que el rival ha tingut en el tercer quart diverses oportunitats per\u00f2 que el nostre central Dani ha sabut tallar m\u00e9s d&#8217;una jugada que podria haver estat ocasi\u00f3 de gol \u00ab.<\/p>\n<p>&nbsp;<\/p>\n<p>El conjunto de la FEGrama dirigido por Loli Hurtado vuelve a conocer el sabor de la victoria a la que nos est\u00e1 acostumbrando esta vez en su visita a la Penya Barcelonista Cinc Copes por un resultado de 1-4.<\/p>\n<p>Despu\u00e9s de un empate en Santa Coloma ante la Vila Ol\u00edmpica por 3-3 en la jornada anterior, ahora ante otro rival directo a solo cinco puntos, el equipo de la Fundaci\u00f3 Grama fue delante del marcador en todo el partido primeramente mediante el gol de \u00c1lvaro Moreno a los cinco minutos.<\/p>\n<p>Tras el empate de los locales dos minutos despu\u00e9s, un doblete de Eric Andr\u00e9s nos daba una parcial y suficiente ventaja respecto a los de Barcelona. El gol final de \u00c1lvaro significaba su doblete particular y un definitivo marcador donde los tres puntos viajaron a Santa Coloma.<\/p>\n<p>Tras un empate y dos victorias seguidas como la de ante la Monta\u00f1esa por un contundente 14-0 en la jornada anterior, se siguen sumando victorias, nada menos que 7 en 8 jornadas, para mantenernos en la tercera posici\u00f3n en la clasificaci\u00f3n con un total de 16 puntos en este grupo 20.<\/p>\n<p>Nos explica el partido nuestra entrenadora FEGrama, Loli Hurtado: \u00abDurante el primer cuarto, el juego fue bastante lento por las dos partes. A partir del segundo cuarto, nuestros jugadores se han posicionado en el campo mucho mejor. Y a partir de ah\u00ed han jugado bastante el bal\u00f3n respecto al contrario aunque el rival ha tenido en el tercer cuarto varias oportunidades pero que nuestro central Dani ha sabido cortar m\u00e1s de una jugada que podr\u00eda haber sido ocasi\u00f3n de gol\u00bb.<\/p>\n<p>El conjunto de la Fundaci\u00f3n Grama en la jornada 9 recibir\u00e1 en Les Oliveres a la Unificaci\u00f3n Llefi\u00e0, octavo con 9 puntos, ser\u00e1 el s\u00e1bado 29 de noviembre desde las 12 horas.<\/p>\n<p>Al\u00e9 Grama !!!<a href=\"http:\/\/fegrama.cat\/web\/wp-content\/uploads\/2014\/11\/PreBenjami_B_FEG-ARRABAL@chemacarva0222.jpg\"><img loading=\"lazy\" decoding=\"async\" alt=\"PreBenjami_B_FEG-ARRABAL@chemacarva022\" src=\"http:\/\/fegrama.cat\/web\/wp-content\/uploads\/2014\/11\/PreBenjami_B_FEG-ARRABAL@chemacarva0222.jpg\" width=\"640\" height=\"480\" \/><\/a><\/p>\n<p>&nbsp;<\/p>\n<div>\n<dl id=\"attachment_5730\">\n<dt><a href=\"http:\/\/fegrama.cat\/web\/wp-content\/uploads\/2014\/10\/P1010002.jpg\"><img loading=\"lazy\" decoding=\"async\" alt=\"El Prebenjam\u00ed B FEGrama perd el derbi colomenc contra l\u2019Arrabal-Calaf Gramanet al Complex Les Oliveres per 1-7\" src=\"http:\/\/fegrama.cat\/web\/wp-content\/uploads\/2014\/10\/P1010002.jpg\" width=\"788\" height=\"591\" \/><\/a><\/dt>\n<dd>El Prebenjam\u00ed B FEGrama perd el derbi colomenc contra l\u2019Arrabal-Calaf Gramanet al Complex Les Oliveres per 1-7<\/dd>\n<\/dl>\n<\/div>\n<p><b>Llegeix m\u00e9s articles<\/b><\/p>\n<p>Remuntada espectacular del l\u00edder l&#8217;Amateur FEGrama al Nou Municipal en derbi contra l&#8217;Arrabal Calaf-Gramanet per 2-1\u00a0<a href=\"http:\/\/fegrama.cat\/web\/?p=7094\">http:\/\/fegrama.cat\/web\/?p=7094<\/a><\/p>\n<p>Important\u00edssims tres punts pel Juvenil Preferent FEGrama a la seva visita a l&#8217;Escola Industrial de l&#8217;UB Catal\u00f2nia (0-2)\u00a0<a href=\"http:\/\/fegrama.cat\/web\/?p=7045\">http:\/\/fegrama.cat\/web\/?p=7045<\/a><\/p>\n<p>Empat in extremis del Juvenil B FEGrama al Municipal de Granollers que el permet seguir amunt (2-2)\u00a0<a href=\"http:\/\/fegrama.cat\/web\/?p=7128\">http:\/\/fegrama.cat\/web\/?p=7128<\/a><\/p>\n<p>El Cadet C FEGrama goleja al Bon Pastor per 1-6 i es mant\u00e9 quart classficat\u00a0<a href=\"http:\/\/fegrama.cat\/web\/?p=7147\">http:\/\/fegrama.cat\/web\/?p=7147<\/a><\/p>\n<p>El Benjam\u00ed C FEGrama segueix segon amb una jornada menys i goleja a Santa Coloma davant el Hospitalenc per 7-1\u00a0<a href=\"http:\/\/fegrama.cat\/web\/?p=7036\">http:\/\/fegrama.cat\/web\/?p=7036<\/a><\/p>\n<p>Yosuke Sato, el defensa japon\u00e9s de la FEGrama: \u00abQuiero ayudar para conseguir el ascenso\u00bb\u00a0<a href=\"http:\/\/fegrama.cat\/web\/?p=6901\">http:\/\/fegrama.cat\/web\/?p=6901<\/a><\/p>\n<p>Participa al Gran Concurs de Nadal de la Fundaci\u00f3 Esportiva Grama\u00a0<a href=\"http:\/\/fegrama.cat\/web\/?p=6364\" target=\"_blank\">http:\/\/fegrama.cat\/web\/?p=6364<\/a><\/p>\n<p>Text i fotos @chemacarva<\/p>\n<p>Al\u00e9 Grama!!!<\/p>\n<p>[divider]<\/p>\n<p>[button color=\u00bbblue\u00bb size=\u00bbsmall\u00bb link=\u00bbhttp:\/\/www.fcf.cat\/pnfg\/NPcd\/NFG_CmpJornada?cod_primaria=1000120&amp;CodCompeticion=19629019&amp;CodGrupo=20110939&amp;CodTemporada=10&amp;CodJornada=1&#8243; target=\u00bbblank\u00bb ]Resultats[\/button]<\/p>\n<p>[button color=\u00bbblue\u00bb size=\u00bbsmall\u00bb link=\u00bbhttp:\/\/www.fcf.cat\/pnfg\/NPcd\/NFG_VisClasificacion?cod_primaria=1000120&amp;codgrupo=20110939&amp;codcompeticion=19629019&#8243; target=\u00bbblank\u00bb ]Classificaci\u00f3[\/button]<\/p>\n","protected":false},"excerpt":{"rendered":"<p>El conjunt de la Fundaci\u00f3 Grama en la jornada 9 rebr\u00e0 a Les Oliveres a la Unificaci\u00f3 Llefi\u00e0, vuit\u00e8 amb 9 punts, ser\u00e0 el dissabte 29 de novembre des de les 12 hores. El conjunt de la FEGrama dirigit per Loli Hurtado va tornar a con\u00e8ixer el gust de la vict\u00f2ria a la qual ens [&hellip;]<\/p>\n","protected":false},"author":1,"featured_media":0,"comment_status":"closed","ping_status":"closed","sticky":false,"template":"","format":"standard","meta":{"footnotes":""},"categories":[4,12],"tags":[],"class_list":["post-7730","post","type-post","status-publish","format-standard","hentry","category-base-inclusiu","category-prebenjamins"],"_links":{"self":[{"href":"http:\/\/fegrama.cat\/web\/wp-json\/wp\/v2\/posts\/7730","targetHints":{"allow":["GET"]}}],"collection":[{"href":"http:\/\/fegrama.cat\/web\/wp-json\/wp\/v2\/posts"}],"about":[{"href":"http:\/\/fegrama.cat\/web\/wp-json\/wp\/v2\/types\/post"}],"author":[{"embeddable":true,"href":"http:\/\/fegrama.cat\/web\/wp-json\/wp\/v2\/users\/1"}],"replies":[{"embeddable":true,"href":"http:\/\/fegrama.cat\/web\/wp-json\/wp\/v2\/comments?post=7730"}],"version-history":[{"count":2,"href":"http:\/\/fegrama.cat\/web\/wp-json\/wp\/v2\/posts\/7730\/revisions"}],"predecessor-version":[{"id":7898,"href":"http:\/\/fegrama.cat\/web\/wp-json\/wp\/v2\/posts\/7730\/revisions\/7898"}],"wp:attachment":[{"href":"http:\/\/fegrama.cat\/web\/wp-json\/wp\/v2\/media?parent=7730"}],"wp:term":[{"taxonomy":"category","embeddable":true,"href":"http:\/\/fegrama.cat\/web\/wp-json\/wp\/v2\/categories?post=7730"},{"taxonomy":"post_tag","embeddable":true,"href":"http:\/\/fegrama.cat\/web\/wp-json\/wp\/v2\/tags?post=7730"}],"curies":[{"name":"wp","href":"https:\/\/api.w.org\/{rel}","templated":true}]}}