{"id":7727,"date":"2014-11-28T19:22:47","date_gmt":"2014-11-28T18:22:47","guid":{"rendered":"http:\/\/fegrama.cat\/web\/?p=7727"},"modified":"2014-11-28T19:22:47","modified_gmt":"2014-11-28T18:22:47","slug":"el-prebenjami-c-fegrama-viatjara-dissabte-al-municipal-de-les-oliveres-contra-la-penya-barcelonista-cinc-copes-penultim","status":"publish","type":"post","link":"http:\/\/fegrama.cat\/web\/el-prebenjami-c-fegrama-viatjara-dissabte-al-municipal-de-les-oliveres-contra-la-penya-barcelonista-cinc-copes-penultim\/","title":{"rendered":"El Prebenjam\u00ed C FEGrama viatjar\u00e0 dissabte al Municipal de Les Oliveres contra la Penya Barcelonista Cinc Copes, pen\u00faltim"},"content":{"rendered":"<p>A la jornada 9 d&#8217;aquest grup 22, el conjunt de Santa Coloma viatjar\u00e0 al Municipal de Les Oliveres contra la Penya Barcelonista Cinc Copes, pen\u00faltim classificat amb 1 punt, el dissabte 29 de novembre a les 13 hores.<\/p>\n<p>El Prebenjam\u00ed C FEGrama dirigit per Chema Valls i V\u00edctor Zudaire va remuntar un gol en contra davant el Martinenc on ha guanyat per un resultat final de 1-3 a la jornada passada.<\/p>\n<p>Despr\u00e9s de caure derrotat al Municipal Les Oliveres davant el Sant Andreu per 0-3 i<br \/>\nen l&#8217;anterior a Les Oliveres davant la Vila Ol\u00edmpica Club Esportiu per 2-6, on nom\u00e9s aquestes tres derrotes en set trobades han servit com a revulsiu perqu\u00e8 els jugadors de la FEGrama tornin a donar-ho tot i confiar en ells mateixos per aconseguir la vict\u00f2ria.<\/p>\n<p>Ferran Flores va ser qui va empatar al Municipal del Guinard\u00f3 per iniciar la remuntada que va ser seguida per Iker Gonz\u00e1lez i de nou Flors marcava el definitiu resultat de 1-3.<\/p>\n<p>Ens explica les seves impressions nostre entrenador FEGrama Chema Valls: \u00bb<\/p>\n<p>Remuntada en l&#8217;\u00faltim quart. Gols de ferran flors amb doblet i iker gonzalez. Didac Ferreres s&#8217;ha aturat el 6 penal de 7 en el qur porta de lliga. Partit cpn molt bon joc i molt bona lluita. \u00bb<\/p>\n<p>Amb aquesta vict\u00f2ria pugen de la vuitena a la setena posici\u00f3 en la classificaci\u00f3 d&#8217;aquest grup 22 amb 15 punts.<\/p>\n<p>&nbsp;<\/p>\n<p>El Prebenjam\u00edn C FEGrama dirigido por Chema Valls y V\u00edctor Zudaire ha remontado un gol en contra ante el Martinenc donde ha ganado por un resultado final de 1-3.<\/p>\n<p>Tras caer derrotado en el Municipal Les Oliveres ante el Sant Andreu por 0-3 y<br \/>\nen la anterior en Les Oliveres ante la Vila Ol\u00edmpica Club Esportiu por 2-6, donde solo estas tres derrotas en siete encuentros han servido como revulsivo para que los jugadores de la FEGrama vuelvan a darlo todo y confiar en ellos mismos para conseguir la victoria.<\/p>\n<p>Ferran Flores fue quien empat\u00f3 en el Municipal del Guinard\u00f3 para iniciar la remontada que fue seguida por Iker Gonz\u00e1lez y de nuevo Flores marcaba el definitivo resultado de 1-3.<\/p>\n<p>Con esta victoria suben de la octava a la s\u00e9ptima posici\u00f3n en la clasificaci\u00f3n de este grupo 22 con 15 puntos.<\/p>\n<p>Nos cuenta sus impresiones nuestro entrenador FEGrama Chema Valls: \u00bb<\/p>\n<p>Remontada en el ultimo cuarto. Goles de ferran flores con doblete e iker gonzalez. Didac ferreres se ha parado el 6 penalti de 7 en lo qur lleva de liga. Partido cpn muy buen juego y muy buena lucha.\u00bb<\/p>\n<p>En la jornada 9 de este grupo 22, el conjunto de Santa Coloma viajar\u00e1 al Municipal de Les Oliveres contra la Penya Barcelonista Cinc Copes, pen\u00faltimo clasificado con 1 punto, el s\u00e1bado 29 de noviembre a las 13 horas.<\/p>\n<p>&nbsp;<\/p>\n<p><a href=\"http:\/\/fegrama.cat\/web\/wp-content\/uploads\/2014\/11\/PreBenjami_C_FEG-POMAR@chemacarva032.jpg\"><img loading=\"lazy\" decoding=\"async\" alt=\"PreBenjami_C_FEG-POMAR@chemacarva032\" src=\"http:\/\/fegrama.cat\/web\/wp-content\/uploads\/2014\/11\/PreBenjami_C_FEG-POMAR@chemacarva032.jpg\" width=\"640\" height=\"480\" \/><\/a><\/p>\n<div>\n<dl id=\"attachment_5728\">\n<dt><a href=\"http:\/\/fegrama.cat\/web\/wp-content\/uploads\/2014\/10\/P1010035.jpg\"><img loading=\"lazy\" decoding=\"async\" title=\"El Prebenjam\u00ed C FEGrama remunta espectacularment al Pomar a Les Oliveres (3-2)\" alt=\"El Prebenjam\u00ed C FEGrama remunta espectacularment al Pomar a Les Oliveres (3-2)\" src=\"http:\/\/fegrama.cat\/web\/wp-content\/uploads\/2014\/10\/P1010035.jpg\" width=\"788\" height=\"591\" \/><\/a><\/dt>\n<dd>El Prebenjam\u00ed C FEGrama remunta espectacularment al Pomar a Les Oliveres (3-2) la jornada anterior<\/dd>\n<\/dl>\n<\/div>\n<p>&nbsp;<\/p>\n<p>Al\u00e9 Grama!!!<\/p>\n<p>Llegeix m\u00e9s articles\/Mira m\u00e1s not\u00edcias<\/p>\n<p>Amateur FEG de Ram\u00f3n Carranza\u00a0 Video: El l\u00edder l&#8217;Amateur FEGrama rebr\u00e0 diumenge al Nou Municipal en un derbi al tercer, l&#8217;Arrabal Calaf-Gramanet\u00a0<a href=\"http:\/\/fegrama.cat\/web\/?p=6922\">http:\/\/fegrama.cat\/web\/?p=6922<\/a><\/p>\n<p>Yosuke Sato, el defensa japon\u00e9s de la FEGrama: \u00abQuiero ayudar para conseguir el ascenso\u00bb\u00a0<a href=\"http:\/\/fegrama.cat\/web\/?p=6901\">http:\/\/fegrama.cat\/web\/?p=6901<\/a><\/p>\n<p>Participa al Gran Concurs de Nadal de la Fundaci\u00f3 Esportiva Grama\u00a0<a href=\"http:\/\/fegrama.cat\/web\/?p=6364\" target=\"_blank\">http:\/\/fegrama.cat\/web\/?p=6364<\/a><\/p>\n<p>Juvenil A FEG El Juvenil A FEGrama anir\u00e0 dissabte a l&#8217;Escola Industrial contra el Catal\u00f2nia<\/p>\n<p><a href=\"http:\/\/fegrama.cat\/web\/?p=6933\">http:\/\/fegrama.cat\/web\/?p=6933<\/a><\/p>\n<p>El Cadet A FEGrama rebr\u00e0 diumenge a Santa Coloma l&#8217;Horta, rival directe com a tercer classificat\u00a0<a href=\"http:\/\/fegrama.cat\/web\/?p=6986\">http:\/\/fegrama.cat\/web\/?p=6986<\/a><\/p>\n<p>L\u2019Infantil A FEGrama rebr\u00e0 dissabte a Santa Coloma el Tecnofutbol, set\u00e8\u00a0<a href=\"http:\/\/fegrama.cat\/web\/?p=6722\">http:\/\/fegrama.cat\/web\/?p=6722<\/a><\/p>\n<p>Altra final per l&#8217;Alev\u00ed A FEGrama que rebr\u00e0 diumenge el Manlleu, cinqu\u00e8\u00a0<a href=\"http:\/\/fegrama.cat\/web\/?p=6973\">http:\/\/fegrama.cat\/web\/?p=6973<\/a><\/p>\n<p>El Benjam\u00ed A FEGrama tindr\u00e0 dissabte un gran duel contra un altre dels grans, la Vila Ol\u00edmpica, set\u00e8\u00a0<a href=\"http:\/\/fegrama.cat\/web\/?p=6994\">http:\/\/fegrama.cat\/web\/?p=6994<\/a><\/p>\n<p>[divider]<\/p>\n<p>[button color=\u00bbblue\u00bb size=\u00bbsmall\u00bb link=\u00bbhttp:\/\/www.fcf.cat\/pnfg\/NPcd\/NFG_CmpJornada?cod_primaria=1000120&amp;CodCompeticion=19629019&amp;CodGrupo=20111309&amp;CodTemporada=10&amp;CodJornada=1&#8243; target=\u00bbblank\u00bb ]Resultats[\/button]<\/p>\n<p>[button color=\u00bbblue\u00bb size=\u00bbsmall\u00bb link=\u00bbhttp:\/\/www.fcf.cat\/pnfg\/NPcd\/NFG_VisClasificacion?cod_primaria=1000120&amp;codgrupo=20111309&amp;codcompeticion=19629019&#8243; target=\u00bbblank\u00bb ]Classificaci\u00f3[\/button]<\/p>\n<p>&nbsp;<\/p>\n<p>&nbsp;<\/p>\n","protected":false},"excerpt":{"rendered":"<p>A la jornada 9 d&#8217;aquest grup 22, el conjunt de Santa Coloma viatjar\u00e0 al Municipal de Les Oliveres contra la Penya Barcelonista Cinc Copes, pen\u00faltim classificat amb 1 punt, el dissabte 29 de novembre a les 13 hores. El Prebenjam\u00ed C FEGrama dirigit per Chema Valls i V\u00edctor Zudaire va remuntar un gol en contra [&hellip;]<\/p>\n","protected":false},"author":1,"featured_media":0,"comment_status":"closed","ping_status":"closed","sticky":false,"template":"","format":"standard","meta":{"footnotes":""},"categories":[4,12],"tags":[],"class_list":["post-7727","post","type-post","status-publish","format-standard","hentry","category-base-inclusiu","category-prebenjamins"],"_links":{"self":[{"href":"http:\/\/fegrama.cat\/web\/wp-json\/wp\/v2\/posts\/7727","targetHints":{"allow":["GET"]}}],"collection":[{"href":"http:\/\/fegrama.cat\/web\/wp-json\/wp\/v2\/posts"}],"about":[{"href":"http:\/\/fegrama.cat\/web\/wp-json\/wp\/v2\/types\/post"}],"author":[{"embeddable":true,"href":"http:\/\/fegrama.cat\/web\/wp-json\/wp\/v2\/users\/1"}],"replies":[{"embeddable":true,"href":"http:\/\/fegrama.cat\/web\/wp-json\/wp\/v2\/comments?post=7727"}],"version-history":[{"count":1,"href":"http:\/\/fegrama.cat\/web\/wp-json\/wp\/v2\/posts\/7727\/revisions"}],"predecessor-version":[{"id":7728,"href":"http:\/\/fegrama.cat\/web\/wp-json\/wp\/v2\/posts\/7727\/revisions\/7728"}],"wp:attachment":[{"href":"http:\/\/fegrama.cat\/web\/wp-json\/wp\/v2\/media?parent=7727"}],"wp:term":[{"taxonomy":"category","embeddable":true,"href":"http:\/\/fegrama.cat\/web\/wp-json\/wp\/v2\/categories?post=7727"},{"taxonomy":"post_tag","embeddable":true,"href":"http:\/\/fegrama.cat\/web\/wp-json\/wp\/v2\/tags?post=7727"}],"curies":[{"name":"wp","href":"https:\/\/api.w.org\/{rel}","templated":true}]}}