{"id":7724,"date":"2014-11-28T19:20:37","date_gmt":"2014-11-28T18:20:37","guid":{"rendered":"http:\/\/fegrama.cat\/web\/?p=7724"},"modified":"2014-11-28T19:20:56","modified_gmt":"2014-11-28T18:20:56","slug":"el-prebenjami-d-fegrama-li-tocara-jugar-a-la-jornada-9-al-municipal-canyelles-rival-directe-a-la-posicio-onzena","status":"publish","type":"post","link":"http:\/\/fegrama.cat\/web\/el-prebenjami-d-fegrama-li-tocara-jugar-a-la-jornada-9-al-municipal-canyelles-rival-directe-a-la-posicio-onzena\/","title":{"rendered":"El Prebenjam\u00ed D FEGrama li tocar\u00e0 jugar diumenge a la jornada 9 al Municipal Canyelles, rival directe a la posici\u00f3 onzena"},"content":{"rendered":"<p>El Prebenjam\u00ed D FEG li tocar\u00e0 jugar a la jornada 9 al Municipal Canyelles, rival directe en la posici\u00f3 onzena amb 7 punts, el diumenge 30 de novembre des de les 11:45 hores.<\/p>\n<p>El Prebenjam\u00ed D FEGrama dirigit per Juanma Amate ha empatat a Santa Coloma davant un rival directe com l&#8217;Escola \u00c0ngel Pedraza per 2-2 a la jornada anterior.<\/p>\n<p>Despr\u00e9s d&#8217;haver aconseguit la seva primera i anhelada vict\u00f2ria a casa de la Unificaci\u00f3 Ciutat Meridiana per un ajustat i meritori 1-2 en la jornada anterior, a punt va estar d&#8217;emportar-se el triomf a Les Oliveres en un partit molt vist\u00f3s i disputat on tot i comen\u00e7ar encaixant un gol Joel Edaoui empatar a 1-1.<\/p>\n<p>Per segona vegada es van avan\u00e7ar els visitants i aquest cop H\u00e9ctor Moreno empatava a les acaballes del partit per a un repartiment de punts que feia just\u00edcia al joc i la intensitat desenvolupada per dos equips.<br \/>\nAra amb aquest empat s\u00f3n 6 els punts del conjunt de la Fundaci\u00f3 Grama que ens porten de la dotzena a la tretzena posici\u00f3 en la classificaci\u00f3 d&#8217;aquest Grup 24. Aix\u00ed que molts \u00e0nims ia continuar que el treball constant donar\u00e0 els seus fruits.<\/p>\n<p>El nostre entrenador FEGrama, Juanma Amate, ens explica amb les seves pr\u00f2pies paraules l&#8217;esdevenir del partit a Les Oliveres: \u00bb<\/p>\n<p>El partit ha estat b\u00e9, tot i que hem comen\u00e7ant perdent per\u00f2 hem empatao i bo, ens han tornat a marcar i hem tornat a remuntar. Ha estat un partit intens i molt bomito de veure. Hem de seguir aix\u00ed i que els nens segueixin aprenent \u00ab.<\/p>\n<p>El Prebenjam\u00ed D FEGrama dirigido por Juanma Amate ha empatado en Santa Coloma ante un rival directo como la Escola \u00c1ngel Pedraza por 2-2.<\/p>\n<p>Tras haber conseguido su primera y ansiada victoria en casa de la Unificaci\u00f3 Ciutat Meridiana por un ajustado y meritorio 1-2 en la jornada anterior, a punto estuvo de llevarse el triunfo en Les Oliveres en un partido muy vistoso y disputado donde a pesar de comenzar encajando un gol Joel Edaoui empat\u00f3 a 1-1.<\/p>\n<p>Por segunda vez se adelantaron los visitantes y esta vez H\u00e9ctor Moreno empataba en las postrimer\u00edas del partido para un reparto de puntos que hac\u00eda justicia al juego y la intensidad desarrollada por ambos equipos.<br \/>\nAhora con este empate son 6 los puntos del conjunto de la Fundaci\u00f3n Grama que nos llevan de la doceava a la treceava posici\u00f3n en la clasificaci\u00f3n de este Grupo 24. As\u00ed que muchos \u00e1nimos y a continuar que el trabajo constante dar\u00e1 sus frutos.<\/p>\n<p>Nuestro entrenador FEGrama, Juanma Amate, nos explica con sus propias palabras el devenir del partido en Les Oliveres: \u00bb<\/p>\n<p>El partido ha estado bien, aunque hemos empezando perdiendo pero hemos empatao y bueno, nos han vuelto a marcar y hemos vuelto a remontar. Ha sido un partido intenso y muy bomito de ver. Hemos de seguir asi y que los ni\u00f1os sigan aprendiendo\u00bb.<\/p>\n<p>El Prebenjam\u00edn D FEG le tocar\u00e1 jugar en la jornada 9 en el Municipal Canyelles, rival directo en la posici\u00f3n onceava con 7 puntos, el domingo 30 de noviembre desde las 11:45 horas.<\/p>\n<p>&nbsp;<\/p>\n<div>\n<dl id=\"attachment_7298\">\n<dt><a href=\"https:\/\/plus.google.com\/photos\/113125192083830612262\/albums\/6083712478149191297?banner=pwa\"><img loading=\"lazy\" decoding=\"async\" alt=\"https:\/\/plus.google.com\/photos\/113125192083830612262\/albums\/6083712478149191297?banner=pwa\" src=\"http:\/\/fegrama.cat\/web\/wp-content\/uploads\/2014\/11\/IMG_3757.jpg\" width=\"3997\" height=\"2686\" \/><\/a><\/dt>\n<dd>https:\/\/plus.google.com\/photos\/113125192083830612262\/albums\/6083712478149191297?banner=pwa<\/dd>\n<\/dl>\n<\/div>\n<div>\n<dl id=\"attachment_6841\">\n<dt><a href=\"http:\/\/fegrama.cat\/web\/wp-content\/uploads\/2014\/11\/IMG_2416-2.jpg\"><img loading=\"lazy\" decoding=\"async\" alt=\"fundaciograma,santacoloma\" src=\"http:\/\/fegrama.cat\/web\/wp-content\/uploads\/2014\/11\/IMG_2416-2.jpg\" width=\"2895\" height=\"2911\" \/><\/a><\/dt>\n<dd>fundaciograma,santacoloma<\/dd>\n<\/dl>\n<\/div>\n<p>&nbsp;<\/p>\n<div>\n<dl id=\"attachment_6500\">\n<dt><a href=\"http:\/\/fegrama.cat\/web\/wp-content\/uploads\/2014\/11\/descarga.jpg\"><img loading=\"lazy\" decoding=\"async\" alt=\"pre d,sergio moreno fotos, fundacio grama ,santa coloma\" src=\"http:\/\/fegrama.cat\/web\/wp-content\/uploads\/2014\/11\/descarga.jpg\" width=\"178\" height=\"178\" \/><\/a><\/dt>\n<dd>pre d,sergio moreno fotos, fundacio grama ,santa coloma<\/dd>\n<\/dl>\n<\/div>\n<p><a href=\"http:\/\/fegrama.cat\/web\/wp-content\/uploads\/2014\/11\/descarga-1.jpg\"><img loading=\"lazy\" decoding=\"async\" alt=\"descarga (1)\" src=\"http:\/\/fegrama.cat\/web\/wp-content\/uploads\/2014\/11\/descarga-1.jpg\" width=\"178\" height=\"178\" \/><\/a><a href=\"http:\/\/fegrama.cat\/web\/wp-content\/uploads\/2014\/11\/descarga-2.jpg\"><img loading=\"lazy\" decoding=\"async\" alt=\"descarga (2)\" src=\"http:\/\/fegrama.cat\/web\/wp-content\/uploads\/2014\/11\/descarga-2.jpg\" width=\"178\" height=\"178\" \/><\/a><a href=\"http:\/\/fegrama.cat\/web\/wp-content\/uploads\/2014\/11\/descarga-3.jpg\"><img loading=\"lazy\" decoding=\"async\" alt=\"descarga (3)\" src=\"http:\/\/fegrama.cat\/web\/wp-content\/uploads\/2014\/11\/descarga-3.jpg\" width=\"178\" height=\"178\" \/><\/a><\/p>\n<div>\n<dl id=\"attachment_6464\">\n<dt><a href=\"http:\/\/fegrama.cat\/web\/wp-content\/uploads\/2014\/10\/P1010118.jpg\"><img loading=\"lazy\" decoding=\"async\" alt=\"fundacio grama,santa coloma\" src=\"http:\/\/fegrama.cat\/web\/wp-content\/uploads\/2014\/10\/P1010118.jpg\" width=\"3648\" height=\"2736\" \/><\/a><\/dt>\n<dd>fundacio grama,santa coloma<\/dd>\n<\/dl>\n<\/div>\n<p>Al\u00e9 Grama!!!<\/p>\n<p><b>Llegeix m\u00e9s articles<\/b><\/p>\n<p>Remuntada espectacular del l\u00edder l&#8217;Amateur FEGrama al Nou Municipal en derbi contra l&#8217;Arrabal Calaf-Gramanet per 2-1\u00a0<a href=\"http:\/\/fegrama.cat\/web\/?p=7094\">http:\/\/fegrama.cat\/web\/?p=7094<\/a><\/p>\n<p>Important\u00edssims tres punts pel Juvenil Preferent FEGrama a la seva visita a l&#8217;Escola Industrial de l&#8217;UB Catal\u00f2nia (0-2)\u00a0<a href=\"http:\/\/fegrama.cat\/web\/?p=7045\">http:\/\/fegrama.cat\/web\/?p=7045<\/a><\/p>\n<p>Empat in extremis del Juvenil B FEGrama al Municipal de Granollers que el permet seguir amunt (2-2)\u00a0<a href=\"http:\/\/fegrama.cat\/web\/?p=7128\">http:\/\/fegrama.cat\/web\/?p=7128<\/a><\/p>\n<p>El Cadet C FEGrama goleja al Bon Pastor per 1-6 i es mant\u00e9 quart classficat\u00a0<a href=\"http:\/\/fegrama.cat\/web\/?p=7147\">http:\/\/fegrama.cat\/web\/?p=7147<\/a><\/p>\n<p>El Benjam\u00ed C FEGrama segueix segon amb una jornada menys i goleja a Santa Coloma davant el Hospitalenc per 7-1\u00a0<a href=\"http:\/\/fegrama.cat\/web\/?p=7036\">http:\/\/fegrama.cat\/web\/?p=7036<\/a><\/p>\n<p>Yosuke Sato, el defensa japon\u00e9s de la FEGrama: \u00abQuiero ayudar para conseguir el ascenso\u00bb\u00a0<a href=\"http:\/\/fegrama.cat\/web\/?p=6901\">http:\/\/fegrama.cat\/web\/?p=6901<\/a><\/p>\n<p>Participa al Gran Concurs de Nadal de la Fundaci\u00f3 Esportiva Grama\u00a0<a href=\"http:\/\/fegrama.cat\/web\/?p=6364\" target=\"_blank\">http:\/\/fegrama.cat\/web\/?p=6364<\/a><\/p>\n<p>Text i fotos @chemacarva<\/p>\n<p>[divider]<\/p>\n<p>[button color=\u00bbblue\u00bb size=\u00bbsmall\u00bb link=\u00bbhttp:\/\/www.fcf.cat\/pnfg\/NPcd\/NFG_CmpJornada?cod_primaria=1000120&amp;CodCompeticion=19629019&amp;CodGrupo=20111633&amp;CodTemporada=10&amp;CodJornada=1&#8243; target=\u00bbblank\u00bb ]Resultats[\/button]<\/p>\n<p>[button color=\u00bbblue\u00bb size=\u00bbsmall\u00bb link=\u00bbhttp:\/\/www.fcf.cat\/pnfg\/NPcd\/NFG_VisClasificacion?cod_primaria=1000120&amp;codgrupo=20111633&amp;codcompeticion=19629019&#8243; target=\u00bbblank\u00bb ]Classificaci\u00f3[\/button]<\/p>\n","protected":false},"excerpt":{"rendered":"<p>El Prebenjam\u00ed D FEG li tocar\u00e0 jugar a la jornada 9 al Municipal Canyelles, rival directe en la posici\u00f3 onzena amb 7 punts, el diumenge 30 de novembre des de les 11:45 hores. El Prebenjam\u00ed D FEGrama dirigit per Juanma Amate ha empatat a Santa Coloma davant un rival directe com l&#8217;Escola \u00c0ngel Pedraza per [&hellip;]<\/p>\n","protected":false},"author":1,"featured_media":0,"comment_status":"closed","ping_status":"closed","sticky":false,"template":"","format":"standard","meta":{"footnotes":""},"categories":[4,12],"tags":[],"class_list":["post-7724","post","type-post","status-publish","format-standard","hentry","category-base-inclusiu","category-prebenjamins"],"_links":{"self":[{"href":"http:\/\/fegrama.cat\/web\/wp-json\/wp\/v2\/posts\/7724","targetHints":{"allow":["GET"]}}],"collection":[{"href":"http:\/\/fegrama.cat\/web\/wp-json\/wp\/v2\/posts"}],"about":[{"href":"http:\/\/fegrama.cat\/web\/wp-json\/wp\/v2\/types\/post"}],"author":[{"embeddable":true,"href":"http:\/\/fegrama.cat\/web\/wp-json\/wp\/v2\/users\/1"}],"replies":[{"embeddable":true,"href":"http:\/\/fegrama.cat\/web\/wp-json\/wp\/v2\/comments?post=7724"}],"version-history":[{"count":2,"href":"http:\/\/fegrama.cat\/web\/wp-json\/wp\/v2\/posts\/7724\/revisions"}],"predecessor-version":[{"id":7726,"href":"http:\/\/fegrama.cat\/web\/wp-json\/wp\/v2\/posts\/7724\/revisions\/7726"}],"wp:attachment":[{"href":"http:\/\/fegrama.cat\/web\/wp-json\/wp\/v2\/media?parent=7724"}],"wp:term":[{"taxonomy":"category","embeddable":true,"href":"http:\/\/fegrama.cat\/web\/wp-json\/wp\/v2\/categories?post=7724"},{"taxonomy":"post_tag","embeddable":true,"href":"http:\/\/fegrama.cat\/web\/wp-json\/wp\/v2\/tags?post=7724"}],"curies":[{"name":"wp","href":"https:\/\/api.w.org\/{rel}","templated":true}]}}