{"id":760,"date":"2013-12-19T22:37:25","date_gmt":"2013-12-19T22:37:25","guid":{"rendered":"http:\/\/fegrama.cat\/web\/?p=760"},"modified":"2013-12-19T22:55:13","modified_gmt":"2013-12-19T22:55:13","slug":"esplendida-ocasio-de-sumar-del-primer-equip-de-la-fundacio-davant-el-cuer-amb-un-sol-punt","status":"publish","type":"post","link":"http:\/\/fegrama.cat\/web\/esplendida-ocasio-de-sumar-del-primer-equip-de-la-fundacio-davant-el-cuer-amb-un-sol-punt\/","title":{"rendered":"Espl\u00e8ndida ocasi\u00f3 de sumar del primer equip de la Fundaci\u00f3 davant el cuer amb un sol punt"},"content":{"rendered":"<p style=\"text-align: justify;\"><span style=\"color: #000000;\">-Els jugadors del primer equip de la <strong>Fundaci\u00f3 Grama<\/strong>\u00a0a <strong>Quarta Catalana<\/strong> segueixen en la meitat de la taula a molt pocs punts d&#8217;aconseguir ficar-se en el grup que lidera la categoria.<\/span><\/p>\n<p style=\"text-align: justify;\"><span style=\"color: #000000;\">Aix\u00f2 podr\u00e0 ser a la jornada 13 on l&#8217;equip de Jordi Herv\u00e1s viatjar\u00e0 cap a una espl\u00e8ndida ocasi\u00f3 de sumar al camp del <strong>Col.legi de La Salle Bonanova<\/strong>, cuer amb un sol punt, el dia 21 de desembre des de les 18:30 hores.<\/span><\/p>\n<p style=\"text-align: justify;\"><span style=\"color: #000000;\">-Los jugadores del primer equipo de la <strong>Fundaci\u00f3 Grama<\/strong>\u00a0en <strong>C<\/strong><strong>uarta Catalana<\/strong>\u00a0siguen en la mitad de la tabla a muy pocos puntos de conseguir meterse en el grupo que lidera la categor\u00eda.<\/span><\/p>\n<p style=\"text-align: justify;\"><span style=\"color: #000000;\">Esto podr\u00e1 ser a la jornada 13 donde el equipo de<strong> Jordi Herv\u00e1s<\/strong> viajar\u00e1 hacia una espl\u00e9ndida ocasi\u00f3n de sumar en el campo del <strong>Colegio de La Salle Bonanova<\/strong>, colista con un solo punto, el d\u00eda 21 de diciembre desde las 18:30 horas.<\/span><\/p>\n","protected":false},"excerpt":{"rendered":"<p>-Els jugadors del primer equip de la Fundaci\u00f3 Grama\u00a0a Quarta Catalana segueixen en la meitat de la taula a molt pocs punts d&#8217;aconseguir ficar-se en el grup que lidera la categoria. Aix\u00f2 podr\u00e0 ser a la jornada 13 on l&#8217;equip de Jordi Herv\u00e1s viatjar\u00e0 cap a una espl\u00e8ndida ocasi\u00f3 de sumar al camp del Col.legi [&hellip;]<\/p>\n","protected":false},"author":1,"featured_media":0,"comment_status":"closed","ping_status":"closed","sticky":false,"template":"","format":"standard","meta":{"footnotes":""},"categories":[4,5],"tags":[76,20,36],"class_list":["post-760","post","type-post","status-publish","format-standard","hentry","category-base-inclusiu","category-primer-equip","tag-col-legi-la-salle-bonanova","tag-fundacio-grama","tag-quarta-catalana"],"_links":{"self":[{"href":"http:\/\/fegrama.cat\/web\/wp-json\/wp\/v2\/posts\/760","targetHints":{"allow":["GET"]}}],"collection":[{"href":"http:\/\/fegrama.cat\/web\/wp-json\/wp\/v2\/posts"}],"about":[{"href":"http:\/\/fegrama.cat\/web\/wp-json\/wp\/v2\/types\/post"}],"author":[{"embeddable":true,"href":"http:\/\/fegrama.cat\/web\/wp-json\/wp\/v2\/users\/1"}],"replies":[{"embeddable":true,"href":"http:\/\/fegrama.cat\/web\/wp-json\/wp\/v2\/comments?post=760"}],"version-history":[{"count":1,"href":"http:\/\/fegrama.cat\/web\/wp-json\/wp\/v2\/posts\/760\/revisions"}],"predecessor-version":[{"id":761,"href":"http:\/\/fegrama.cat\/web\/wp-json\/wp\/v2\/posts\/760\/revisions\/761"}],"wp:attachment":[{"href":"http:\/\/fegrama.cat\/web\/wp-json\/wp\/v2\/media?parent=760"}],"wp:term":[{"taxonomy":"category","embeddable":true,"href":"http:\/\/fegrama.cat\/web\/wp-json\/wp\/v2\/categories?post=760"},{"taxonomy":"post_tag","embeddable":true,"href":"http:\/\/fegrama.cat\/web\/wp-json\/wp\/v2\/tags?post=760"}],"curies":[{"name":"wp","href":"https:\/\/api.w.org\/{rel}","templated":true}]}}