{"id":7410,"date":"2014-11-21T13:25:24","date_gmt":"2014-11-21T12:25:24","guid":{"rendered":"http:\/\/fegrama.cat\/web\/?p=7410"},"modified":"2014-11-21T14:07:52","modified_gmt":"2014-11-21T13:07:52","slug":"previes-dels-equips-de-la-fundacio-grama-del-22-i-23-de-novembre-a-un-clic","status":"publish","type":"post","link":"http:\/\/fegrama.cat\/web\/previes-dels-equips-de-la-fundacio-grama-del-22-i-23-de-novembre-a-un-clic\/","title":{"rendered":"Pr\u00e8vies dels equips de la Fundaci\u00f3 Grama del 22 i 23 de novembre, a un clic"},"content":{"rendered":"<p><span style=\"color: #000000;\"><b>Amateur FEG <\/b><\/span><\/p>\n<p><span style=\"color: #000000;\"><b>Amateur FEG de Ram\u00f3n Carranza\u00a0 <\/b><\/span><\/p>\n<p><span style=\"color: #000000;\"><a href=\"http:\/\/fegrama.cat\/web\/?p=7329   \" target=\"_blank\"><span style=\"color: #000000;\">Despr\u00e8s de la remuntada espectacular del l\u00edder l&#8217;Amateur FEGrama al Nou Municipal en derbi contra l&#8217;Arrabal Calaf-Gramanet per 2-1, El l\u00edder, l&#8217;Amateur FEGrama, es despla\u00e7ar\u00e0 diumenge al Municipal Xevi Ramon del UE Vilassar de Mar, sis\u00e8\u00a0<\/span><\/a><\/span><\/p>\n<p><span style=\"color: #000000;\"><b>Juvenils FEGrama <\/b><\/span><br \/>\n<span style=\"color: #000000;\"> <b><br \/>\nJuvenil A FEG de Toni Rovira<\/b><\/span><\/p>\n<p><span style=\"color: #000000;\"><a href=\"http:\/\/fegrama.cat\/web\/?p=7336\" target=\"_blank\"><span style=\"color: #000000;\">Important\u00edssims tres punts pel Juvenil Preferent FEGrama a la seva visita a l&#8217;Escola Industrial de l&#8217;UB Catal\u00f2nia (0-2) i Diumenge el Juvenil Preferent FEGrama rebr\u00e0 el l\u00edder, el Josep Maria Gen\u00e9, a Santa Coloma\u00a0<\/span><\/a><\/span><\/p>\n<p>&nbsp;<\/p>\n<p><span style=\"color: #000000;\"><b>Juvenil B FEG de Javi Murillo<\/b><\/span><\/p>\n<p><span style=\"color: #000000;\"><a href=\"http:\/\/fegrama.cat\/web\/?p=7332 \" target=\"_blank\"><span style=\"color: #000000;\">Despr\u00e8s de l\u2019empat in extremis del Juvenil B FEGrama al Municipal de Granollers que el permet seguir amunt (2-2)\u00a0El Juvenil B FEGrama rebr\u00e0 dissabte al Nou Municipal de Santa Coloma a l&#8217;Escola Barber\u00e0, des\u00e8 <\/span><\/a><\/span><\/p>\n<p><span style=\"color: #000000;\"> <b>Juvenil C FEG de Rafa Muriel<\/b><\/span><\/p>\n<p><span style=\"color: #000000;\"> <a href=\" http:\/\/fegrama.cat\/web\/?p=6559\" target=\"_blank\"><span style=\"color: #000000;\">El Juvenil C FEGrama guanya l&#8217;amist\u00f3s davant l&#8217;Escola Llavaneres 5-2 per la retirada \u00a0i \u00a0es despla\u00e7ar\u00e0 diumenge al Complex Can Drag\u00f3 de l&#8217;Alzamoradel\u00a0@cf_sistrells<\/span><\/a><b><\/b><\/span><\/p>\n<p><span style=\"color: #000000;\">\u00a0<\/span><\/p>\n<p><span style=\"color: #000000;\"><b>Cadets FEGrama<\/b><\/span><\/p>\n<p><span style=\"color: #000000;\"><b>Cadet A FEG<\/b> <b>de David Mart\u00edn<\/b><\/span><\/p>\n<p><span style=\"color: #000000;\"><a href=\"http:\/\/fegrama.cat\/web\/?p=7351\" target=\"_blank\"><span style=\"color: #000000;\">Derrota m\u00ednima del Cadet A FEGrama davant l&#8217;@UAtHorta\u00a0(2-3)\u00a0Per a la jornada 8, el Cadet A FEGrama viatjar\u00e0 diumenge al Municipal de Llefi\u00e0, segon\u00a0<\/span><\/a><\/span><\/p>\n<p><span style=\"color: #000000;\"><b>Cadet B FEG<\/b> de Agus Peraita<\/span><\/p>\n<p><span style=\"color: #000000;\"><a href=\"http:\/\/fegrama.cat\/web\/?p=7349 \" target=\"_blank\"><span style=\"color: #000000;\">El Cadet B FEGrama de\u00a0@MrPeraita\u00a0treu un important trionf a\u00a0@UAtHorta\u00a0per 1-2 \u00a0i \u00a0rebr\u00e0 a Santa Coloma el Sant Ignasi, rival directe a la vuitena posici\u00f3n <\/span><\/a><\/span><br \/>\n<span style=\"color: #000000;\"> <b>Cadet C FEG de Alex Ram\u00edrez<\/b><\/span><\/p>\n<p><span style=\"color: #000000;\"><span style=\"color: #000000;\"><a href=\" http:\/\/fegrama.cat\/web\/?p=7347\" target=\"_blank\">El Cadet C FEGrama goleja al Bon Pastor per 1-6 i es mant\u00e9 quart classficat Per a la jornada 8, el Cadet C FEGrama rebr\u00e0 diumenge el Manigua, set\u00e8\u00a0<\/a><\/span><\/span><span style=\"color: #000000;\"><span><b><a href=\" http:\/\/fegrama.cat\/web\/?p=7347\" target=\"_blank\">\u00a0<\/a><\/b><\/span><\/span><\/p>\n<p>&nbsp;<\/p>\n<p><span style=\"color: #000000;\"><b>Infantils FEG:<\/b><\/span><\/p>\n<p><span style=\"color: #000000;\"><b><br \/>\n<\/b><b>Infantil A FEG de Rub\u00e9n Blanco<\/b><\/span><\/p>\n<p><span style=\"color: #000000;\"><a href=\"http:\/\/fegrama.cat\/web\/?p=7345 \" target=\"_blank\"><span style=\"color: #000000;\">L&#8217;Infantil A FEGrama viatjar\u00e0 dissabte al camp del Junior CF<\/span><\/a> <\/span><\/p>\n<p><span style=\"color: #000000;\"> <b>Infantil B FEG de Jos\u00e9 Jim\u00e9nez<\/b><\/span><br \/>\n<span style=\"color: #000000;\"> <a href=\"http:\/\/fegrama.cat\/web\/?p=7343\" target=\"_blank\"><span style=\"color: #000000;\">A la jornada 8 l&#8217;Infantil B FEGrama viatjar\u00e0 al Municipal Esports de Masnou, vuit\u00e8\u00a0<\/span><\/a><\/span><\/p>\n<p><span style=\"color: #000000;\"><b><br \/>\nL\u2019Infantil C FEG de Dani Rosa<\/b><\/span><\/p>\n<p><span style=\"color: #000000;\"><a href=\" http:\/\/fegrama.cat\/web\/?p=7341\" target=\"_blank\"><span style=\"color: #000000;\">\u00a0L\u2019Infantil C FEGrama puja a la segona posici\u00f3 pel gran triomf al camp del CF Alzamora (0-4)\u00a0i voldr\u00e0 seguir a la segona posici\u00f3 i dissabte rebr\u00e0 a La Florida, dotz\u00e8<\/span><\/a><\/span><\/p>\n<p><span style=\"color: #000000;\"><b><br \/>\nInfantil D FEG Jos\u00e9 Luis Ceballos<\/b><\/span><\/p>\n<p><span style=\"color: #000000;\"><span style=\"color: #000000;\"><a href=\"http:\/\/fegrama.cat\/web\/?p=7338 \" target=\"_blank\">L\u2019Infantil D FEGrama cau a l\u2019\u00faltim quart a\u00a0@cf_sistrells\u00a0(6-4)\u00a0i jugar\u00e0 un amist\u00f3s diumenge contra el Santa Perp\u00e8tua<\/a><\/span><\/span><\/p>\n<p><span style=\"color: #000000;\"><b>\u00a0<\/b><\/span><\/p>\n<p><span style=\"color: #000000;\"><b>Femenins FEGrama<\/b><\/span><\/p>\n<p><span style=\"color: #000000;\"> <b>Alev\u00ed \u00cdnfantil FEG de Joshua Dom\u00ednguez y M\u00edriam G\u00f3mez<\/b><\/span><\/p>\n<p><span style=\"color: #000000;\">\u00a0<a href=\" http:\/\/fegrama.cat\/web\/?p=7356\" target=\"_blank\"><span style=\"color: #000000;\">L&#8217;Infantil Alev\u00ed FEGrama jugar\u00e0 dissabte al Nou Municipal de Santa Coloma contra el cuer, el FC Sant Cugat<\/span><\/a><\/span><\/p>\n<p><span style=\"color: #000000;\"><b>PreBenjam\u00ed Alev\u00edn Femen\u00ed FEG de Jordi P\u00e9rez<\/b><\/span><\/p>\n<p><span style=\"color: #000000;\"><a href=\"http:\/\/fegrama.cat\/web\/?p=7353 \" target=\"_blank\"><span style=\"color: #000000;\">L&#8217;Alev\u00ed-Benjam\u00ed-Prebenjam\u00ed Femen\u00ed FEG visitar\u00e0 dissabte el camp del Sabadell<\/span><\/a><\/span><\/p>\n<p><span style=\"color: #000000;\"><b>Cadet Juvenil FEG de Amparo Bofarull <\/b><\/span><\/p>\n<p><span style=\"color: #000000;\"><a href=\"http:\/\/fegrama.cat\/web\/?p=7359\" target=\"_blank\"><span style=\"color: #000000;\">El Juvenil-Cadet Femen\u00ed FE Grama jugar\u00e0 dissabte al camp del Martinenc\u00a0<\/span><\/a><\/span><\/p>\n<p><span style=\"color: #000000;\"><b>\u00a0<\/b><\/span><\/p>\n<p><span style=\"color: #000000;\"><b>Escoles FEGrama<\/b> de Juan Cervantes, Mart\u00edn, Joan Arag\u00f3, Maikol, Bryan, Cristian, Miriam, Marc, Albert<\/span><\/p>\n<p><span style=\"color: #000000;\"><b>\u00a0<\/b><a href=\"http:\/\/fegrama.cat\/web\/?p=7406 \" target=\"_blank\"><span style=\"color: #000000;\">Pr\u00e8vies de les nostres Escoles A,B, C, D i E FEGrama 22 i 23 de noviembre <\/span><\/a><\/span><\/p>\n<p><span style=\"color: #000000;\"><b>Prebenjamins FEGrama<\/b><\/span><br \/>\n<span style=\"color: #000000;\"> <b>Prebenjam\u00ed A FEG de Tom\u00e1s Gonz\u00e1lez <\/b><\/span><\/p>\n<p><span style=\"color: #000000;\"><a href=\"http:\/\/fegrama.cat\/web\/?p=7401\" target=\"_blank\"><span style=\"color: #000000;\">El l\u00edder Prebenjam\u00ed A FEGrama jugar\u00e0 dissabte contra la Monta\u00f1esa a Les Oliveres\u00a0<\/span><\/a><\/span><\/p>\n<p><span style=\"color: #000000;\"><b><br \/>\nPrebenjami B FEG \u00a0de Loli Hurtado <\/b><b><\/b><\/span><\/p>\n<p><span style=\"color: #000000;\"><a href=\" http:\/\/fegrama.cat\/web\/?p=7398\" target=\"_blank\"><span style=\"color: #000000;\">Per a la jornada 8, e Prebenjam\u00ed B FEGrama viatjar\u00e0 diumenge al Municipal Clot de la Mel de la Penya Barcelonista Cinc Copes, sis\u00e8\u00a0<\/span><\/a><\/span><br \/>\n<span style=\"color: #000000;\"><a href=\" http:\/\/fegrama.cat\/web\/?p=7398\" target=\"_blank\"><span style=\"color: #000000;\"> <b>Prebenjami C FEG de Txema Valls <\/b><\/span><\/a><\/span><\/p>\n<p><span style=\"color: #000000;\"><a href=\"http:\/\/fegrama.cat\/web\/?p=7396\" target=\"_blank\"><span style=\"color: #000000;\">El Prebenjam\u00ed C FEGrama viatjar\u00e0 dissabte al Municipal Guinard\u00f3 del Martinenc, rival directe una pla\u00e7a per sota\u00a0<\/span><\/a><\/span><br \/>\n<span style=\"color: #000000;\"><a href=\"http:\/\/fegrama.cat\/web\/?p=7396\" target=\"_blank\"><span style=\"color: #000000;\"> <b>Prebenjam\u00ed D FEG de Juanma Amate<\/b><\/span><\/a><\/span><\/p>\n<p><span style=\"color: #000000;\"><a href=\" http:\/\/fegrama.cat\/web\/?p=7394\" target=\"_blank\"><span style=\"color: #000000;\">Per a la jornada 8, el Prebenjam\u00ed D FEGrama jugar\u00e0 dissabte al Municipal Les Oliveres contra l&#8217;Escola Angel Pedraza, pen\u00faltim\u00a0<\/span><\/a><\/span><\/p>\n<p><span style=\"color: #000000;\"><a href=\" http:\/\/fegrama.cat\/web\/?p=7394\" target=\"_blank\"><span style=\"color: #000000;\"><b>Prebenjam\u00ed E FEG de Marc<\/b><b> Murcia<\/b><\/span><\/a><\/span><\/p>\n<p><span style=\"color: #000000;\"><a href=\"http:\/\/fegrama.cat\/web\/?p=7390 \" target=\"_blank\"><span style=\"color: #000000;\">El nostre Prebenjam\u00ed E FEG \u00abTito Vilanova\u00bb jugar\u00e0 dissabte a Les Oliveres contra el Sant Mart\u00ed <\/span><\/a><\/span><br \/>\n<span style=\"color: #000000;\"> \u00a0<\/span><\/p>\n<p><span style=\"color: #000000;\"><b>Benjam\u00ed FEGrama<\/b><\/span><br \/>\n<span style=\"color: #000000;\"> <b>Benjam\u00ed A FEG de Jonathan <\/b><\/span><\/p>\n<p><span style=\"color: #000000;\"><a href=\"http:\/\/fegrama.cat\/web\/?p=7388 \" target=\"_blank\"><span style=\"color: #000000;\">Despr\u00e8s de tres triomfs consecutius, el Benjam\u00ed A FEGrama s&#8217;enfrontar\u00e0 a Santa Coloma contra un altre dels grans, la Penya Barcelonista Collblanc Sants, nov\u00e8 <\/span><\/a><\/span><\/p>\n<p><span style=\"color: #000000;\"><b>Benjam\u00ed B FEG \u00a0<\/b><\/span><b style=\"color: #000000;\">\u00a0de V\u00edctor D\u00edaz\u00a0<\/b><\/p>\n<p><span style=\"color: #000000;\"><a href=\"http:\/\/fegrama.cat\/web\/?p=7386\" target=\"_blank\"><span style=\"color: #000000;\">El l\u00edder Benjam\u00ed B FEGrama viatjar\u00e0 diumenge al Municipal de Premi\u00e0 de Mar\u00a0<\/span><\/a><\/span><\/p>\n<p>&nbsp;<\/p>\n<p><span style=\"color: #000000;\"><b>Benjam\u00ed C FEG<\/b><\/span><\/p>\n<p><span style=\"color: #000000;\"><a href=\"http:\/\/fegrama.cat\/web\/?p=7384  \" target=\"_blank\"><span style=\"color: #000000;\">El Benjam\u00ed C FEGrama segueix segon amb una jornada menys i goleja 7-1 a Santa Coloma davant el Hospitalenc i \u00a0anir\u00e0 diumenge a l&#8217;Hospitalet, set\u00e8 <\/span><\/a><\/span><\/p>\n<p><span style=\"color: #000000;\"><b>Benjam\u00ed D FEG de Juan Salazar<\/b><\/span><\/p>\n<p><span style=\"color: #000000;\"><a href=\"http:\/\/fegrama.cat\/web\/?p=7382 \" target=\"_blank\"><span style=\"color: #000000;\">El Benjam\u00ed D FEGrama viatjar\u00e0 dissabte al Municipal Menorca de la Penya Barcino, set\u00e8 <\/span><\/a><\/span><br \/>\n<span style=\"color: #000000;\"><b>Benjam\u00ed E FEG de Marcos D\u00edaz<\/b><\/span><\/p>\n<p><span style=\"color: #000000;\"><a href=\"http:\/\/fegrama.cat\/web\/?p=7380\" target=\"_blank\"><span style=\"color: #000000;\">Despr\u00e8s de perdre per una remuntada del Sant\u00a0@uesantandreu\u00a0(2-3) a Santa Coloma\u00a0El Benjam\u00ed E FEGrama marxar\u00e0 diumenge al Municipal Canyelles del Barcelona Dragons, catorz\u00e8\u00a0<\/span><\/a><\/span><\/p>\n<p><span style=\"color: #000000;\"><b>Benjam\u00ed F FEG de Dani Hern\u00e1ndez<\/b><\/span><\/p>\n<p><span style=\"color: #000000;\"><a href=\"http:\/\/fegrama.cat\/web\/?p=7378\" target=\"_blank\"><span style=\"color: #000000;\">El Benjam\u00edn F FEGrama jugar\u00e0 dissabte a Les Oliveres de Santa Coloma davant el Bon Pastor, tretz\u00e8\u00a0<\/span><\/a><\/span><\/p>\n<p><span style=\"color: #000000;\"><b>\u00a0<\/b><\/span><\/p>\n<p><span style=\"color: #000000;\"><b>Alevins FEGrama<\/b><\/span><\/p>\n<p><span style=\"color: #000000;\"> <b>Alev\u00ed A FEG de Christian Rueda<\/b>\u00a0<\/span><\/p>\n<p><span style=\"color: #000000;\"><a href=\"http:\/\/fegrama.cat\/web\/?p=7376 \" target=\"_blank\"><span style=\"color: #000000;\">L&#8217;Alev\u00ed A FEGrama es mour\u00e0 dissabte al camp del Granollers, rival directe amb un punt menys <\/span><\/a><\/span><\/p>\n<p><span style=\"color: #000000;\"> <b>Alev\u00ed B FEG de Dani Galindo\u00a0 <\/b><\/span><\/p>\n<p><span style=\"color: #000000;\"><a href=\"http:\/\/fegrama.cat\/web\/?p=7374 \" target=\"_blank\"><span style=\"color: #000000;\">L&#8217;Alev\u00ed B FEGrama jugar\u00e0 dissabte a Santa Coloma contra el cuer, el Stoitchkov Barcelona <\/span><\/a><\/span><\/p>\n<p><span style=\"color: #000000;\"><b>Alev\u00ed C FEG de Dani Anguita<\/b><\/span><\/p>\n<p><span style=\"color: #000000;\"><a href=\" http:\/\/fegrama.cat\/web\/?p=7371 \" target=\"_blank\"><span style=\"color: #000000;\">Derbi colomenc diumenge de l&#8217;Alev\u00ed C FEGrama i el CD Arrabal-Calaf a Can Zam 1<\/span><\/a><\/span><\/p>\n<p><span style=\"color: #000000;\"> <b>Alev\u00ed D FEG de Aitor Mezquiriz<\/b><\/span><\/p>\n<p><span style=\"color: #000000;\"><a href=\"http:\/\/fegrama.cat\/web\/?p=7369\" target=\"_blank\"><span style=\"color: #000000;\">L&#8217;Alev\u00ed D FEGrama jugar\u00e0 diumenge a Santa Coloma davant l&#8217;Escola Angel Pedraza\u00a0<\/span><\/a><\/span><\/p>\n<p><span style=\"color: #000000;\">\u00a0<\/span><\/p>\n<p><span style=\"color: #000000;\"><b>Alev\u00ed E FEG de Adri\u00e0 Regadera<\/b><\/span><\/p>\n<p><span style=\"color: #000000;\"><a href=\"http:\/\/fegrama.cat\/web\/?p=7367\" target=\"_blank\"><span style=\"color: #000000;\">L&#8217;Alev\u00ed E FEGrama jugar\u00e0 diumenge a Santa Coloma contra l&#8217;Escola E.Brafa\u00a0<\/span><\/a><\/span><\/p>\n<p><span style=\"color: #000000;\"><b>Alev\u00ed F FEG\u00a0de Albert Jurnet <\/b><\/span><\/p>\n<p><span style=\"color: #000000;\"><a href=\"http:\/\/fegrama.cat\/web\/?p=7365 \" target=\"_blank\"><span style=\"color: #000000;\">L&#8217;Alev\u00ed F FEGrama s&#8217;enfrontar\u00e0 dissabte a Santa Coloma al FC Can Buxeres <\/span><\/a><\/span><br \/>\n<span style=\"color: #000000;\"> <b>Alev\u00ed G FEG de Dani Castro<\/b><\/span><\/p>\n<p><span style=\"color: #000000;\"><a href=\"http:\/\/fegrama.cat\/web\/?p=7363\" target=\"_blank\"><span style=\"color: #000000;\">L\u2019Alev\u00ed G FEGrama anir\u00e0 dissabte al camp del J\u00fapiter\u00a0<\/span><\/a><\/span><\/p>\n<p><span style=\"color: #000000;\"><b>Alev\u00ed H FEG d\u2019\u00c1lvaro Heredero <\/b><\/span><\/p>\n<p><span style=\"color: #000000;\"><a href=\"http:\/\/fegrama.cat\/web\/?p=7361\" target=\"_blank\"><span style=\"color: #000000;\">L&#8217;Alev\u00ed H FEGrama disputar\u00e0 a Les Oliveres un derbi davant l&#8217;Imperio CF\u00a0<\/span><\/a><\/span><\/p>\n<p><span style=\"color: #000000;\">\u00a0<\/span><br \/>\n<span style=\"color: #000000;\"> <b>Veterans FEG <\/b><\/span><\/p>\n<p><span style=\"color: #000000;\"><a href=\"http:\/\/fegrama.cat\/web\/?p=7404\" target=\"_blank\"><span style=\"color: #000000;\">El l\u00edder Veterans FEGrama jugar\u00e0 diumenge a Can Vidalet contra el Derbi 90-94, des\u00e8\u00a0<\/span><\/a><\/span><\/p>\n<p><span style=\"color: #000000;\">\u00a0<\/span><\/p>\n","protected":false},"excerpt":{"rendered":"<p>Amateur FEG Amateur FEG de Ram\u00f3n Carranza\u00a0 Despr\u00e8s de la remuntada espectacular del l\u00edder l&#8217;Amateur FEGrama al Nou Municipal en derbi contra l&#8217;Arrabal Calaf-Gramanet per 2-1, El l\u00edder, l&#8217;Amateur FEGrama, es despla\u00e7ar\u00e0 diumenge al Municipal Xevi Ramon del UE Vilassar de Mar, sis\u00e8\u00a0 Juvenils FEGrama Juvenil A FEG de Toni Rovira Important\u00edssims tres punts pel [&hellip;]<\/p>\n","protected":false},"author":1,"featured_media":0,"comment_status":"closed","ping_status":"closed","sticky":false,"template":"","format":"standard","meta":{"footnotes":""},"categories":[14],"tags":[20,27,21],"class_list":["post-7410","post","type-post","status-publish","format-standard","hentry","category-noticies","tag-fundacio-grama","tag-nou-municipal","tag-santa-coloma"],"_links":{"self":[{"href":"http:\/\/fegrama.cat\/web\/wp-json\/wp\/v2\/posts\/7410","targetHints":{"allow":["GET"]}}],"collection":[{"href":"http:\/\/fegrama.cat\/web\/wp-json\/wp\/v2\/posts"}],"about":[{"href":"http:\/\/fegrama.cat\/web\/wp-json\/wp\/v2\/types\/post"}],"author":[{"embeddable":true,"href":"http:\/\/fegrama.cat\/web\/wp-json\/wp\/v2\/users\/1"}],"replies":[{"embeddable":true,"href":"http:\/\/fegrama.cat\/web\/wp-json\/wp\/v2\/comments?post=7410"}],"version-history":[{"count":4,"href":"http:\/\/fegrama.cat\/web\/wp-json\/wp\/v2\/posts\/7410\/revisions"}],"predecessor-version":[{"id":7414,"href":"http:\/\/fegrama.cat\/web\/wp-json\/wp\/v2\/posts\/7410\/revisions\/7414"}],"wp:attachment":[{"href":"http:\/\/fegrama.cat\/web\/wp-json\/wp\/v2\/media?parent=7410"}],"wp:term":[{"taxonomy":"category","embeddable":true,"href":"http:\/\/fegrama.cat\/web\/wp-json\/wp\/v2\/categories?post=7410"},{"taxonomy":"post_tag","embeddable":true,"href":"http:\/\/fegrama.cat\/web\/wp-json\/wp\/v2\/tags?post=7410"}],"curies":[{"name":"wp","href":"https:\/\/api.w.org\/{rel}","templated":true}]}}