{"id":7382,"date":"2014-11-21T12:53:28","date_gmt":"2014-11-21T11:53:28","guid":{"rendered":"http:\/\/fegrama.cat\/web\/?p=7382"},"modified":"2014-11-21T12:53:28","modified_gmt":"2014-11-21T11:53:28","slug":"el-benjami-d-fegrama-viatjara-dissabte-al-municipal-menorca-de-la-penya-barcino-sete","status":"publish","type":"post","link":"http:\/\/fegrama.cat\/web\/el-benjami-d-fegrama-viatjara-dissabte-al-municipal-menorca-de-la-penya-barcino-sete\/","title":{"rendered":"El Benjam\u00ed D FEGrama viatjar\u00e0 dissabte al Municipal Menorca de la Penya Barcino, set\u00e8"},"content":{"rendered":"<p>El Benjam\u00ed \u00abD\u00bb FEG de Juan Antonio Salazar van guanyar c\u00f2modament a la Zona Franca per 6-1.<\/p>\n<p>Els gols van comen\u00e7ar aviat com el d&#8217;H\u00e9ctor Hita per\u00f2 el conjunt visitant ens va empatar aviat el 1-1.<\/p>\n<p>Per\u00f2 poc despr\u00e9s es va veure el domini absolut de la FEGrama amb els gols de Daniel P\u00e9rez. el doblet d&#8217;Antonio Ferreira, el de Mehdi i el d&#8217;Eric Castell.\u00a0H\u00e9ctor Hita va marcar dos gols en aquest partit encara que a la Federaci\u00f3 no el possi.<\/p>\n<p>Amb aquest triomf pugen una posici\u00f3 de la tercera a la segona perseguint la Fundaci\u00f3 Europa empatats a 18 punts.<\/p>\n<p>El nostre entrenador FEGrama, Juan Antonio Salazar, ens explica breument el partit davant l&#8217;equip de Barcelona: \u00abPartit c\u00f2mode per a nosaltres que vam mantenir el control del partit de principi a fi\u00bb.<\/p>\n<p>Per a la jornada 8, els jugadors de la Fundaci\u00f3 Grama viatjaran al Municipal Menorca de la Penya Barcino, set\u00e8 classificat amb 12 punts, el dissabte 22 de novembre des de les 9 hores.<\/p>\n<p>El Benjam\u00edn \u00abD\u00bb FEG de Juan Antonio Salazar ganaron c\u00f3modamente a la Zona Franca por 6-1.<\/p>\n<p>Los goles comenzaron pronto como el de H\u00e9ctor Hita pero el conjunto visitante nos empat\u00f3 pronto el 1-1.<\/p>\n<p>Pero poco despu\u00e9s se vio el dominio absoluto de la FEGrama con los goles de Daniel P\u00e9rez. el doblete de Antonio Ferreira, el de Mehdi y el de Eric Castillo.<\/p>\n<p>Con este triumfo suben una posici\u00f3n de la tercera a la segunda persiguiendo a la Fundaci\u00f3 Europa empatados a 18 puntos.<\/p>\n<p>Nuestro entrenador FEGrama, Juan Antonio Salazar, nos explica brevemente el partido ante el equipo de Barcelona: \u00abPartido c\u00f3modo para nosotros que mantuvimos el control del partido de principio a fin\u00bb.<\/p>\n<p>Para la jornada 8, los jugadores de la Fundaci\u00f3 Grama viajar\u00e1n al Municipal Menorca de la Penya Barcino, s\u00e9ptimo clasificado con 12 puntos, el s\u00e1bado 22 de noviembre desde las 9 horas.<\/p>\n<div>\n<dl id=\"attachment_6790\">\n<dt><a href=\"http:\/\/fegrama.cat\/web\/wp-content\/uploads\/2014\/11\/Benjam_D_FEG-MARTINENC@chemacarva028.jpg\"><img loading=\"lazy\" decoding=\"async\" alt=\"Benjam_D,FEG,fundacio grama,santa coloma,MARTINENC,@chemacarva\" src=\"http:\/\/fegrama.cat\/web\/wp-content\/uploads\/2014\/11\/Benjam_D_FEG-MARTINENC@chemacarva028.jpg\" width=\"640\" height=\"480\" \/><\/a><\/dt>\n<dd>Benjam_D,FEG,fundacio grama,santa coloma,MARTINENC,@chemacarva<\/dd>\n<\/dl>\n<\/div>\n<p>Al\u00e9 Grama!!!<\/p>\n<p><b>Llegeix m\u00e9s articles<\/b><\/p>\n<p>Remuntada espectacular del l\u00edder l&#8217;Amateur FEGrama al Nou Municipal en derbi contra l&#8217;Arrabal Calaf-Gramanet per 2-1\u00a0<a href=\"http:\/\/fegrama.cat\/web\/?p=7094\">http:\/\/fegrama.cat\/web\/?p=7094<\/a><\/p>\n<p>Important\u00edssims tres punts pel Juvenil Preferent FEGrama a la seva visita a l&#8217;Escola Industrial de l&#8217;UB Catal\u00f2nia (0-2)\u00a0<a href=\"http:\/\/fegrama.cat\/web\/?p=7045\">http:\/\/fegrama.cat\/web\/?p=7045<\/a><\/p>\n<p>Empat in extremis del Juvenil B FEGrama al Municipal de Granollers que el permet seguir amunt (2-2)\u00a0<a role=\"presentation\" href=\"http:\/\/fegrama.cat\/web\/?p=7128\">http:\/\/fegrama.cat\/web\/?p=7128<\/a><\/p>\n<p>El Cadet C FEGrama goleja al Bon Pastor per 1-6 i es mant\u00e9 quart classficat\u00a0<a role=\"presentation\" href=\"http:\/\/fegrama.cat\/web\/?p=7147\">http:\/\/fegrama.cat\/web\/?p=7147<\/a><\/p>\n<p>El Benjam\u00ed C FEGrama segueix segon amb una jornada menys i goleja a Santa Coloma davant el Hospitalenc per 7-1\u00a0<a href=\"http:\/\/fegrama.cat\/web\/?p=7036\">http:\/\/fegrama.cat\/web\/?p=7036<\/a><\/p>\n<p>Yosuke Sato, el defensa japon\u00e9s de la FEGrama: \u00abQuiero ayudar para conseguir el ascenso\u00bb\u00a0<a href=\"http:\/\/fegrama.cat\/web\/?p=6901\">http:\/\/fegrama.cat\/web\/?p=6901<\/a><\/p>\n<p>Participa al Gran Concurs de Nadal de la Fundaci\u00f3 Esportiva Grama\u00a0<a href=\"http:\/\/fegrama.cat\/web\/?p=6364\" target=\"_blank\">http:\/\/fegrama.cat\/web\/?p=6364<\/a><\/p>\n<p>Text i fotos @chemacarva<\/p>\n<p>[divider]<\/p>\n<p>[button color=\u00bbblue\u00bb size=\u00bbsmall\u00bb link=\u00bbhttp:\/\/www.fcf.cat\/pnfg\/NPcd\/NFG_CmpJornada?cod_primaria=1000120&amp;CodCompeticion=19629017&amp;CodGrupo=19973685&amp;CodTemporada=10&amp;CodJornada=1&#8243; target=\u00bbblank\u00bb ]Resultats[\/button]<\/p>\n<p>[button color=\u00bbblue\u00bb size=\u00bbsmall\u00bb link=\u00bbhttp:\/\/www.fcf.cat\/pnfg\/NPcd\/NFG_VisClasificacion?cod_primaria=1000120&amp;codgrupo=19973685&amp;codcompeticion=19629017&#8243; target=\u00bbblank\u00bb ]Classificaci\u00f3[\/button]<\/p>\n<p>&nbsp;<\/p>\n<p>&nbsp;<\/p>\n","protected":false},"excerpt":{"rendered":"<p>El Benjam\u00ed \u00abD\u00bb FEG de Juan Antonio Salazar van guanyar c\u00f2modament a la Zona Franca per 6-1. Els gols van comen\u00e7ar aviat com el d&#8217;H\u00e9ctor Hita per\u00f2 el conjunt visitant ens va empatar aviat el 1-1. Per\u00f2 poc despr\u00e9s es va veure el domini absolut de la FEGrama amb els gols de Daniel P\u00e9rez. el [&hellip;]<\/p>\n","protected":false},"author":1,"featured_media":0,"comment_status":"closed","ping_status":"closed","sticky":false,"template":"","format":"standard","meta":{"footnotes":""},"categories":[4,11],"tags":[20,21],"class_list":["post-7382","post","type-post","status-publish","format-standard","hentry","category-base-inclusiu","category-benjamins","tag-fundacio-grama","tag-santa-coloma"],"_links":{"self":[{"href":"http:\/\/fegrama.cat\/web\/wp-json\/wp\/v2\/posts\/7382","targetHints":{"allow":["GET"]}}],"collection":[{"href":"http:\/\/fegrama.cat\/web\/wp-json\/wp\/v2\/posts"}],"about":[{"href":"http:\/\/fegrama.cat\/web\/wp-json\/wp\/v2\/types\/post"}],"author":[{"embeddable":true,"href":"http:\/\/fegrama.cat\/web\/wp-json\/wp\/v2\/users\/1"}],"replies":[{"embeddable":true,"href":"http:\/\/fegrama.cat\/web\/wp-json\/wp\/v2\/comments?post=7382"}],"version-history":[{"count":2,"href":"http:\/\/fegrama.cat\/web\/wp-json\/wp\/v2\/posts\/7382\/revisions"}],"predecessor-version":[{"id":7547,"href":"http:\/\/fegrama.cat\/web\/wp-json\/wp\/v2\/posts\/7382\/revisions\/7547"}],"wp:attachment":[{"href":"http:\/\/fegrama.cat\/web\/wp-json\/wp\/v2\/media?parent=7382"}],"wp:term":[{"taxonomy":"category","embeddable":true,"href":"http:\/\/fegrama.cat\/web\/wp-json\/wp\/v2\/categories?post=7382"},{"taxonomy":"post_tag","embeddable":true,"href":"http:\/\/fegrama.cat\/web\/wp-json\/wp\/v2\/tags?post=7382"}],"curies":[{"name":"wp","href":"https:\/\/api.w.org\/{rel}","templated":true}]}}