{"id":7374,"date":"2014-11-21T12:42:09","date_gmt":"2014-11-21T11:42:09","guid":{"rendered":"http:\/\/fegrama.cat\/web\/?p=7374"},"modified":"2014-11-21T12:42:09","modified_gmt":"2014-11-21T11:42:09","slug":"lalevi-b-fegrama-jugara-dissabte-a-santa-coloma-contra-el-cuer-el-stoitchkov-barcelona","status":"publish","type":"post","link":"http:\/\/fegrama.cat\/web\/lalevi-b-fegrama-jugara-dissabte-a-santa-coloma-contra-el-cuer-el-stoitchkov-barcelona\/","title":{"rendered":"L&#8217;Alev\u00ed B FEGrama jugar\u00e0 dissabte a Santa Coloma contra el cuer, el Stoitchkov Barcelona"},"content":{"rendered":"<p>L&#8217;Alev\u00ed B FEGrama entrenat per Daniel Galindo i Xavi Hern\u00e1ndez van aconseguir sumar un punt molt valu\u00f3s a Can Zam. 2-2 en el derbi colomenc davant el CD Arrabal Calaf. Ian Benhamon en dues ocasions va aconseguir que el partit passar\u00e0 del 2-0 al 2-2 definitiu.<\/p>\n<p>Per a la jornada 8, als de la Fundaci\u00f3 Esportiva Grama els toca jugar contra el Stoitchkov Barcelona, partit al camp de l&#8217;\u00faltim classificat. Els barcelonins porten 7 derrotes en 7 partits jugats. El dissabte 22 de novembre a les 11:15 h. ser\u00e0 la trobada.<\/p>\n<p><a href=\"http:\/\/fegrama.cat\/web\/wp-content\/uploads\/2014\/11\/fichatecarrabalcalaf22feg.jpg\"><img loading=\"lazy\" decoding=\"async\" alt=\"fichatecarrabalcalaf22feg\" src=\"http:\/\/fegrama.cat\/web\/wp-content\/uploads\/2014\/11\/fichatecarrabalcalaf22feg.jpg\" width=\"522\" height=\"328\" \/><\/a><\/p>\n<p>El Alev\u00edn B FEGrama entrenado por Daniel Galindo y Xavi Hern\u00e1ndez consiguieron sumar un punto muy valioso en Can Zam. 2-2 en el derbi colomense ante el CD Arrabal Calaf.\u00a0Ian Benhamon en dos ocasiones consigui\u00f3 que el partido pasar\u00e1 del 2-0 al 2-2 definitivo.<\/p>\n<p>Para la jornada 8, a los de la Fundaci\u00f3n Esportiva Grama les toca jugar ante el Stoitchkov Barcelona, partido en el campo del \u00faltimo clasificado. Los barceloneses llevan 7 derrotas en 7 partidos jugados. El s\u00e1bado 22\u00a0de noviembre a las 11:15 h. ser\u00e1 el encuentro.<\/p>\n<p>[button color=\u00bbblue\u00bb size=\u00bbsmall\u00bb link=\u00bbhttp:\/\/www.fcf.cat\/pnfg\/NPcd\/NFG_VisClasificacion?cod_primaria=1000120&amp;codgrupo=19753123&amp;codcompeticion=19628989&#8243; target=\u00bbblank\u00bb ]Resultats[\/button]<\/p>\n<p>[button color=\u00bbblue\u00bb size=\u00bbsmall\u00bb link=\u00bbhttp:\/\/www.fcf.cat\/pnfg\/NPcd\/NFG_CmpJornada?cod_primaria=1000120&amp;CodCompeticion=19628989&amp;CodGrupo=19753123&amp;CodTemporada=10&amp;CodJornada=1&#8243; target=\u00bbblank\u00bb ]Classificaci\u00f3[\/button]<\/p>\n","protected":false},"excerpt":{"rendered":"<p>L&#8217;Alev\u00ed B FEGrama entrenat per Daniel Galindo i Xavi Hern\u00e1ndez van aconseguir sumar un punt molt valu\u00f3s a Can Zam. 2-2 en el derbi colomenc davant el CD Arrabal Calaf. Ian Benhamon en dues ocasions va aconseguir que el partit passar\u00e0 del 2-0 al 2-2 definitiu. Per a la jornada 8, als de la Fundaci\u00f3 [&hellip;]<\/p>\n","protected":false},"author":1,"featured_media":0,"comment_status":"closed","ping_status":"closed","sticky":false,"template":"","format":"standard","meta":{"footnotes":""},"categories":[10,4],"tags":[24,21],"class_list":["post-7374","post","type-post","status-publish","format-standard","hentry","category-alevins","category-base-inclusiu","tag-fundacio-esportiva-grama","tag-santa-coloma"],"_links":{"self":[{"href":"http:\/\/fegrama.cat\/web\/wp-json\/wp\/v2\/posts\/7374","targetHints":{"allow":["GET"]}}],"collection":[{"href":"http:\/\/fegrama.cat\/web\/wp-json\/wp\/v2\/posts"}],"about":[{"href":"http:\/\/fegrama.cat\/web\/wp-json\/wp\/v2\/types\/post"}],"author":[{"embeddable":true,"href":"http:\/\/fegrama.cat\/web\/wp-json\/wp\/v2\/users\/1"}],"replies":[{"embeddable":true,"href":"http:\/\/fegrama.cat\/web\/wp-json\/wp\/v2\/comments?post=7374"}],"version-history":[{"count":1,"href":"http:\/\/fegrama.cat\/web\/wp-json\/wp\/v2\/posts\/7374\/revisions"}],"predecessor-version":[{"id":7375,"href":"http:\/\/fegrama.cat\/web\/wp-json\/wp\/v2\/posts\/7374\/revisions\/7375"}],"wp:attachment":[{"href":"http:\/\/fegrama.cat\/web\/wp-json\/wp\/v2\/media?parent=7374"}],"wp:term":[{"taxonomy":"category","embeddable":true,"href":"http:\/\/fegrama.cat\/web\/wp-json\/wp\/v2\/categories?post=7374"},{"taxonomy":"post_tag","embeddable":true,"href":"http:\/\/fegrama.cat\/web\/wp-json\/wp\/v2\/tags?post=7374"}],"curies":[{"name":"wp","href":"https:\/\/api.w.org\/{rel}","templated":true}]}}