{"id":7365,"date":"2014-11-21T12:34:33","date_gmt":"2014-11-21T11:34:33","guid":{"rendered":"http:\/\/fegrama.cat\/web\/?p=7365"},"modified":"2014-11-21T12:34:33","modified_gmt":"2014-11-21T11:34:33","slug":"lalevi-f-fegrama-senfrontara-dissabte-a-santa-coloma-al-fc-can-buxeres","status":"publish","type":"post","link":"http:\/\/fegrama.cat\/web\/lalevi-f-fegrama-senfrontara-dissabte-a-santa-coloma-al-fc-can-buxeres\/","title":{"rendered":"L&#8217;Alev\u00ed F FEGrama s&#8217;enfrontar\u00e0 dissabte a Santa Coloma al FC Can Buxeres"},"content":{"rendered":"<p>L&#8217;Alev\u00ed \u00abF\u00bb d&#8217;Albert Jurnet i Daniel Zambrana va trencar la ratxa de dues vict\u00f2ries seguides i va perdre al camp d&#8217;un rival directe, el CCD Tur\u00f3 Peira \u00abB\u00bb es va endur la vict\u00f2ria per 4 gols a 2. L&#8217;equip es situa cinqu\u00e8 a la taula del Grup 7 de 3a Divisi\u00f3.<\/p>\n<p>Kilian amb un gol als 8 minuts va avan\u00e7ar a la FE Grama per\u00f2 nom\u00e9s dos minuts m\u00e9s tardes els locals van empatar aprofitant un rebuig del pal. El Tur\u00f3 va aconseguir avan\u00e7ar-se en un c\u00f3rner i minuts m\u00e9s tard van ampliar la seva avantatge fins al 4-1. Antonio Amaya en jugada col\u00b7lectiva va posar el definitiu 4-2<\/p>\n<p>Dissabte que ve s&#8217;enfronten al FC Can Buxeres, a les 11:15 hores a Santa Coloma.<\/p>\n<p><a href=\"http:\/\/fegrama.cat\/web\/wp-content\/uploads\/2014\/11\/fichatecturopeira42feg.jpg\"><img loading=\"lazy\" decoding=\"async\" alt=\"fichatecturopeira42feg\" src=\"http:\/\/fegrama.cat\/web\/wp-content\/uploads\/2014\/11\/fichatecturopeira42feg.jpg\" width=\"447\" height=\"294\" \/><\/a><\/p>\n<p><a href=\"http:\/\/fegrama.cat\/web\/wp-content\/uploads\/2014\/11\/caejoel.jpg\"><img loading=\"lazy\" decoding=\"async\" alt=\"martinenc,Barcelona,santa coloma,fundacio grama\" src=\"http:\/\/fegrama.cat\/web\/wp-content\/uploads\/2014\/11\/caejoel.jpg\" width=\"1216\" height=\"943\" \/><\/a><\/p>\n<p>El Alev\u00edn \u201cF\u201d de Albert Jurnet y Daniel Zambrana rompi\u00f3 la racha de dos victorias seguidas y perdi\u00f3 en el campo de un rival directo, el CCD Tur\u00f3 Peira \u201cB\u201d se llev\u00f3 la victoria por 4 goles a 2. El equipo se sit\u00faa quinto en la tabla del Grupo 7 de 3\u00aa Divisi\u00f3n.<\/p>\n<p>Kilian con un gol a a los 8 minutos adelant\u00f3 a la FE Grama pero solo dos minutos m\u00e1s tardes los locales empataron aprovechando un rechace del palo. El Tur\u00f3 consigui\u00f3 adelantarse en un c\u00f3rner y minutos m\u00e1s tarde ampliaron su ventaja hasta el 4-1. Antonio Amaya en jugada colectiva puso el definitivo 4-2.<\/p>\n<p>El pr\u00f3ximo s\u00e1bado se enfrentan al FC Can Buxeres, a las 11:15 horas en Santa Coloma.<\/p>\n<p>[button color=\u00bbblue\u00bb size=\u00bbsmall\u00bb link=\u00bbhttp:\/\/www.fcf.cat\/pnfg\/NPcd\/NFG_CmpJornada?cod_primaria=1000120&amp;CodCompeticion=19628998&amp;CodGrupo=19976200&amp;CodTemporada=10&amp;CodJornada=1&#8243; target=\u00bbblank\u00bb ]Resultats[\/button]<\/p>\n<p>[button color=\u00bbblue\u00bb size=\u00bbsmall\u00bb link=\u00bbhttp:\/\/www.fcf.cat\/pnfg\/NPcd\/NFG_VisClasificacion?cod_primaria=1000120&amp;codgrupo=19976200&amp;codcompeticion=19628998&#8243; target=\u00bbblank\u00bb ]Classificaci\u00f3[\/button]<\/p>\n","protected":false},"excerpt":{"rendered":"<p>L&#8217;Alev\u00ed \u00abF\u00bb d&#8217;Albert Jurnet i Daniel Zambrana va trencar la ratxa de dues vict\u00f2ries seguides i va perdre al camp d&#8217;un rival directe, el CCD Tur\u00f3 Peira \u00abB\u00bb es va endur la vict\u00f2ria per 4 gols a 2. L&#8217;equip es situa cinqu\u00e8 a la taula del Grup 7 de 3a Divisi\u00f3. Kilian amb un gol [&hellip;]<\/p>\n","protected":false},"author":1,"featured_media":0,"comment_status":"closed","ping_status":"closed","sticky":false,"template":"","format":"standard","meta":{"footnotes":""},"categories":[10,4],"tags":[24,21],"class_list":["post-7365","post","type-post","status-publish","format-standard","hentry","category-alevins","category-base-inclusiu","tag-fundacio-esportiva-grama","tag-santa-coloma"],"_links":{"self":[{"href":"http:\/\/fegrama.cat\/web\/wp-json\/wp\/v2\/posts\/7365","targetHints":{"allow":["GET"]}}],"collection":[{"href":"http:\/\/fegrama.cat\/web\/wp-json\/wp\/v2\/posts"}],"about":[{"href":"http:\/\/fegrama.cat\/web\/wp-json\/wp\/v2\/types\/post"}],"author":[{"embeddable":true,"href":"http:\/\/fegrama.cat\/web\/wp-json\/wp\/v2\/users\/1"}],"replies":[{"embeddable":true,"href":"http:\/\/fegrama.cat\/web\/wp-json\/wp\/v2\/comments?post=7365"}],"version-history":[{"count":1,"href":"http:\/\/fegrama.cat\/web\/wp-json\/wp\/v2\/posts\/7365\/revisions"}],"predecessor-version":[{"id":7366,"href":"http:\/\/fegrama.cat\/web\/wp-json\/wp\/v2\/posts\/7365\/revisions\/7366"}],"wp:attachment":[{"href":"http:\/\/fegrama.cat\/web\/wp-json\/wp\/v2\/media?parent=7365"}],"wp:term":[{"taxonomy":"category","embeddable":true,"href":"http:\/\/fegrama.cat\/web\/wp-json\/wp\/v2\/categories?post=7365"},{"taxonomy":"post_tag","embeddable":true,"href":"http:\/\/fegrama.cat\/web\/wp-json\/wp\/v2\/tags?post=7365"}],"curies":[{"name":"wp","href":"https:\/\/api.w.org\/{rel}","templated":true}]}}