{"id":6570,"date":"2014-11-06T19:10:55","date_gmt":"2014-11-06T18:10:55","guid":{"rendered":"http:\/\/fegrama.cat\/web\/?p=6570"},"modified":"2014-11-06T19:10:55","modified_gmt":"2014-11-06T18:10:55","slug":"lalevi-benjami-prebenjami-femeni-feg-viatjara-diumenge-al-municipal-pepin-valls-del-castellar-onze","status":"publish","type":"post","link":"http:\/\/fegrama.cat\/web\/lalevi-benjami-prebenjami-femeni-feg-viatjara-diumenge-al-municipal-pepin-valls-del-castellar-onze\/","title":{"rendered":"L&#8217;Alev\u00ed Benjam\u00ed Prebenjam\u00ed Femen\u00ed FEG viatjar\u00e0 diumenge al Municipal Pepin Valls del Castellar, onz\u00e8"},"content":{"rendered":"<p>L&#8217;Alev\u00ed Benjam\u00ed Prebenjam\u00ed Femen\u00ed FEG dirigit per Jordi P\u00e9rez ha realitzat un gran esfor\u00e7 f\u00edsic de les noies de la Fundaci\u00f3 Grama en aquesta jornada 5 on tot i perdre a casa a Santa Coloma davant el Sant Cugat per 1-6 han gaudit del partit i han sabut acceptar que aniran evolucionant i progressant en cada partit.<\/p>\n<p>El gol d&#8217;Ariadna Mart\u00ednez avan\u00e7ava al conjunt de la Fundaci\u00f3 Grama que va servir per tornar la confian\u00e7a al conjunt de Santa Coloma tot i que despr\u00e9s l&#8217;equip del Vall\u00e8s Occidental.<\/p>\n<p>A la jornada 6 tocar\u00e0 viatjar al Municipal Pepin Valls per jugar contra un rival directe com \u00e9s el Castellar, onz\u00e8 amb un sol punt, el diumenge 9 de novembre des de les 14 hores.<\/p>\n<p>El Alev\u00edn Benjam\u00edn Prebenjam\u00edn Femenino FEG dirigido por Jordi P\u00e9rez ha realizado un gran esfuerzo f\u00edsico de las chicas de la Fundaci\u00f3 Grama en esta jornada 5 donde a pesar de perder en casa en Santa Coloma ante el Sant Cugat por 1-6 han disfrutado del partido y han sabido aceptar que ir\u00e1n evolucionando y progresando en cada partido.<\/p>\n<p>El gol de Ariadna Mart\u00ednez adelantaba al conjunto de la Fundaci\u00f3 Grama que sirvi\u00f3 para devolver la confianza al conjunto de Santa Coloma aunque luego el equipo del Vall\u00e9s Occidental.<\/p>\n<p>En la jornada 6 tocar\u00e1 viajar al Municipal Pepin Valls para jugar contra un rival directo como es el Castellar, onceavo con un solo punto, el domingo 9 de noviembre desde las 14 horas.<\/p>\n<div>\n<dl id=\"attachment_6139\">\n<dt><a href=\"http:\/\/fegrama.cat\/web\/wp-content\/uploads\/2014\/10\/alegriagolfemeninasbenjaFEG@chemacarva1.jpg\"><img loading=\"lazy\" decoding=\"async\" alt=\"fundacio grama santa coloma femeninas\" src=\"http:\/\/fegrama.cat\/web\/wp-content\/uploads\/2014\/10\/alegriagolfemeninasbenjaFEG@chemacarva1.jpg\" width=\"1011\" height=\"612\" \/><\/a><\/dt>\n<dd>fundacio grama santa coloma femeninas<\/dd>\n<\/dl>\n<\/div>\n<p>Al\u00e9 Grama!!!<\/p>\n<p>Llegeix m\u00e9s articles\/Lee\u00a0 m\u00e1s art\u00edculos:<\/p>\n<p>Participa al Gran Concurs de Nadal de la Fundaci\u00f3 Esportiva Grama\u00a0<a href=\"http:\/\/fegrama.cat\/web\/?p=6364\" target=\"_blank\">http:\/\/fegrama.cat\/web\/?p=6364<\/a><\/p>\n<p>L&#8217;Amateur FEGrama segueix l\u00edder per\u00f2 s&#8217;encalla amb un empat amb el perseguidor, el Cabrils (0-0) \u00a0<a href=\"http:\/\/fegrama.cat\/web\/?p=6307\">http:\/\/fegrama.cat\/web\/?p=6307<\/a><\/p>\n<p>El Juvenil A FEGrama treu un clar triomf al Nou Sardenya de l&#8217;Europa per 0-2<br \/>\n<a href=\"http:\/\/fegrama.cat\/web\/?p=6206\" target=\"_blank\">http:\/\/fegrama.cat\/web\/?p=6206<\/a><br \/>\nEl Juvenil Cadet Femen\u00ed FEGrama perd contra el Santa Susanna\u00a0<a href=\"http:\/\/fegrama.cat\/web\/?p=6316\" target=\"_blank\">http:\/\/fegrama.cat\/web\/?p=6316<\/a><br \/>\nEl Cadet B FEGrama remunta i guanya al Municipal Andrade Sant Mart\u00ed del Sant Mart\u00ed-Condal per 2-4\u00a0<a href=\"http:\/\/fegrama.cat\/web\/?p=6216\" target=\"_blank\">http:\/\/fegrama.cat\/web\/?p=6216<\/a><\/p>\n<p>[divider]<\/p>\n<p>[button color=\u00bbblue\u00bb size=\u00bbsmall\u00bb link=\u00bbhttp:\/\/www.fcf.cat\/pnfg\/NPcd\/NFG_CmpJornada?cod_primaria=1000120&amp;CodCompeticion=19629050&amp;CodGrupo=20236228&amp;CodTemporada=10&amp;CodJornada=1&#8243; target=\u00bbblank\u00bb ]Resultats[\/button]<\/p>\n<p>[button color=\u00bbblue\u00bb size=\u00bbsmall\u00bb link=\u00bbhttp:\/\/www.fcf.cat\/pnfg\/NPcd\/NFG_VisClasificacion?cod_primaria=1000120&amp;codgrupo=20236228&amp;codcompeticion=19629050&#8243; target=\u00bbblank\u00bb ]Classificaci\u00f3[\/button]<\/p>\n","protected":false},"excerpt":{"rendered":"<p>L&#8217;Alev\u00ed Benjam\u00ed Prebenjam\u00ed Femen\u00ed FEG dirigit per Jordi P\u00e9rez ha realitzat un gran esfor\u00e7 f\u00edsic de les noies de la Fundaci\u00f3 Grama en aquesta jornada 5 on tot i perdre a casa a Santa Coloma davant el Sant Cugat per 1-6 han gaudit del partit i han sabut acceptar que aniran evolucionant i progressant en [&hellip;]<\/p>\n","protected":false},"author":1,"featured_media":0,"comment_status":"closed","ping_status":"closed","sticky":false,"template":"","format":"standard","meta":{"footnotes":""},"categories":[4,13],"tags":[398,24,20,27,21],"class_list":["post-6570","post","type-post","status-publish","format-standard","hentry","category-base-inclusiu","category-femeni","tag-barcelona","tag-fundacio-esportiva-grama","tag-fundacio-grama","tag-nou-municipal","tag-santa-coloma"],"_links":{"self":[{"href":"http:\/\/fegrama.cat\/web\/wp-json\/wp\/v2\/posts\/6570","targetHints":{"allow":["GET"]}}],"collection":[{"href":"http:\/\/fegrama.cat\/web\/wp-json\/wp\/v2\/posts"}],"about":[{"href":"http:\/\/fegrama.cat\/web\/wp-json\/wp\/v2\/types\/post"}],"author":[{"embeddable":true,"href":"http:\/\/fegrama.cat\/web\/wp-json\/wp\/v2\/users\/1"}],"replies":[{"embeddable":true,"href":"http:\/\/fegrama.cat\/web\/wp-json\/wp\/v2\/comments?post=6570"}],"version-history":[{"count":2,"href":"http:\/\/fegrama.cat\/web\/wp-json\/wp\/v2\/posts\/6570\/revisions"}],"predecessor-version":[{"id":6756,"href":"http:\/\/fegrama.cat\/web\/wp-json\/wp\/v2\/posts\/6570\/revisions\/6756"}],"wp:attachment":[{"href":"http:\/\/fegrama.cat\/web\/wp-json\/wp\/v2\/media?parent=6570"}],"wp:term":[{"taxonomy":"category","embeddable":true,"href":"http:\/\/fegrama.cat\/web\/wp-json\/wp\/v2\/categories?post=6570"},{"taxonomy":"post_tag","embeddable":true,"href":"http:\/\/fegrama.cat\/web\/wp-json\/wp\/v2\/tags?post=6570"}],"curies":[{"name":"wp","href":"https:\/\/api.w.org\/{rel}","templated":true}]}}