{"id":6568,"date":"2014-11-06T19:06:59","date_gmt":"2014-11-06T18:06:59","guid":{"rendered":"http:\/\/fegrama.cat\/web\/?p=6568"},"modified":"2014-11-06T19:06:59","modified_gmt":"2014-11-06T18:06:59","slug":"el-cadet-c-fegrama-es-desplacara-dissabte-al-municipal-nou-taxonera-del-stoitchkov-barcelona-onze","status":"publish","type":"post","link":"http:\/\/fegrama.cat\/web\/el-cadet-c-fegrama-es-desplacara-dissabte-al-municipal-nou-taxonera-del-stoitchkov-barcelona-onze\/","title":{"rendered":"El Cadet C FEGrama es despla\u00e7ar\u00e0 dissabte al Municipal Nou Taxonera del Stoitchkov Barcelona, onz\u00e8"},"content":{"rendered":"<p>A la jornada 5, el conjunt de Santa Coloma va descansar en la lliga per\u00f2 far\u00e0 un amist\u00f3s el dissabte 1 de novembre contra el Badia del Vall\u00e8s al Nou Municipal de Santa Coloma des de les 14:30 hores.<\/p>\n<p>La nova categoria de la Fundaci\u00f3 Grama, el Cadet C FEGrama, passa de la posici\u00f3 de l\u00edder en aquest grup 14 de Segona Divisi\u00f3 a la tercera posici\u00f3 amb una jornada menys.<\/p>\n<p>El mateix entrenador, Alex Ram\u00edrez, ens comenta el partit: \u00abFem una primera part bastant bona. En aquesta es van marcar tots els gols del partit, amb bones combinacions i poques fallades amb pilota en les tres l\u00ednies. A la segona meitat, seguim mantenint la possessi\u00f3 i atacant per\u00f2 aquesta vegada sense tanta claredat ni ordre. al final, aquest partit ens serveix per seguir progressant com a conjunt. A la seg\u00fcent setmana tindrem un partit important contra el St\u00f2itxkov \u00ab.<\/p>\n<p>Per a la jornada 6, l&#8217;equip de la FEGrama es despla\u00e7ar\u00e0 el dissabte 8 de novembre al Municipal Nou Taxonera del Stoitchkov Barcelona, onz\u00e8 amb 5 punts, des de les 11:30 hores.<\/p>\n<p>En la jornada 5, el conjunto de Santa Coloma descans\u00f3 en la liga pero har\u00e1 un amistoso el s\u00e1bado 1 de noviembre contra el Badia del Vall\u00e8s en el Nou Municipal de Santa Coloma desde las 14:30 horas.<\/p>\n<p>La nueva categor\u00eda de la Fundaci\u00f3n Grama, el Cadete C FEGrama, pasa de la posici\u00f3n de l\u00edder en este grupo 14 de Segunda Divisi\u00f3n a la tercera posici\u00f3n con una jornada menos.<\/p>\n<p>El mismo entrenador, Alex Ram\u00edrez, nos comenta el partido: \u00abRealizamos una primera parte bastante buena. En esta se marcaron todos los goles del partido, con buenas combinaciones y pocos fallos con bal\u00f3n en las tres l\u00edneas. En la segunda mitad, seguimos manteniendo la posesi\u00f3n y atacando pero esta vez sin tanta claridad ni orden. Al final, este partido nos sirve para seguir progresando como conjunto. A la siguiente semana tendremos un partido importante contra el Stoitchkov\u00bb.<\/p>\n<p>Para la jornada 6, el equipo de la FEGrama se desplazar\u00e1 el s\u00e1bado 8 de noviembre al Municipal Nou Taxonera del Stoitchkov Barcelona, onceavo con 5 puntos, desde las 11:30 horas.<\/p>\n<p>&nbsp;<\/p>\n<div>\n<dl id=\"attachment_6338\">\n<dt><a href=\"http:\/\/fegrama.cat\/web\/wp-content\/uploads\/2014\/11\/IMG-20141102-WA0003.jpg\"><img loading=\"lazy\" decoding=\"async\" alt=\"fundacio grama,santa coloma\" src=\"http:\/\/fegrama.cat\/web\/wp-content\/uploads\/2014\/11\/IMG-20141102-WA0003.jpg\" width=\"1152\" height=\"768\" \/><\/a><\/dt>\n<dd>fundacio grama,santa coloma<\/dd>\n<\/dl>\n<\/div>\n<p><a href=\"http:\/\/fegrama.cat\/web\/wp-content\/uploads\/2014\/11\/IMG-20141102-WA0004.jpg\"><img loading=\"lazy\" decoding=\"async\" alt=\"IMG-20141102-WA0004\" src=\"http:\/\/fegrama.cat\/web\/wp-content\/uploads\/2014\/11\/IMG-20141102-WA0004.jpg\" width=\"1152\" height=\"768\" \/><\/a><a href=\"http:\/\/fegrama.cat\/web\/wp-content\/uploads\/2014\/11\/IMG-20141102-WA0005.jpg\"><img loading=\"lazy\" decoding=\"async\" alt=\"IMG-20141102-WA0005\" src=\"http:\/\/fegrama.cat\/web\/wp-content\/uploads\/2014\/11\/IMG-20141102-WA0005.jpg\" width=\"1152\" height=\"768\" \/><\/a><\/p>\n<div>\n<dl id=\"attachment_5861\">\n<dt><a href=\"http:\/\/fegrama.cat\/web\/wp-content\/uploads\/2014\/10\/cadetCFEG-peregol@chemacarva.jpg\"><img loading=\"lazy\" decoding=\"async\" alt=\"fundacio grama santa coloma cadetC FEG -peregol@chemacarva\" src=\"http:\/\/fegrama.cat\/web\/wp-content\/uploads\/2014\/10\/cadetCFEG-peregol@chemacarva.jpg\" width=\"760\" height=\"596\" \/><\/a><\/dt>\n<dd>fundacio grama santa coloma cadetC FEG -peregol@chemacarva<\/dd>\n<\/dl>\n<\/div>\n<p>&nbsp;<\/p>\n<p>&nbsp;<\/p>\n<p>Al\u00e9 Grama!!!<\/p>\n<p>Llegeix m\u00e9s articles\/Lee\u00a0 m\u00e1s art\u00edculos:<\/p>\n<p>Participa al Gran Concurs de Nadal de la Fundaci\u00f3 Esportiva Grama\u00a0<a href=\"http:\/\/fegrama.cat\/web\/?p=6364\" target=\"_blank\">http:\/\/fegrama.cat\/web\/?p=6364<\/a><\/p>\n<p>L&#8217;Amateur FEGrama segueix l\u00edder per\u00f2 s&#8217;encalla amb un empat amb el perseguidor, el Cabrils (0-0) \u00a0<a href=\"http:\/\/fegrama.cat\/web\/?p=6307\">http:\/\/fegrama.cat\/web\/?p=6307<\/a><\/p>\n<p>El Juvenil A FEGrama treu un clar triomf al Nou Sardenya de l&#8217;Europa per 0-2<br \/>\n<a href=\"http:\/\/fegrama.cat\/web\/?p=6206\" target=\"_blank\">http:\/\/fegrama.cat\/web\/?p=6206<\/a><br \/>\nEl Juvenil Cadet Femen\u00ed FEGrama perd contra el Santa Susanna\u00a0<a href=\"http:\/\/fegrama.cat\/web\/?p=6316\" target=\"_blank\">http:\/\/fegrama.cat\/web\/?p=6316<\/a><br \/>\nEl Cadet B FEGrama remunta i guanya al Municipal Andrade Sant Mart\u00ed del Sant Mart\u00ed-Condal per 2-4\u00a0<a href=\"http:\/\/fegrama.cat\/web\/?p=6216\" target=\"_blank\">http:\/\/fegrama.cat\/web\/?p=6216<\/a><\/p>\n<p>Text i fotos: @chemacarva<\/p>\n<p>[divider]<\/p>\n<p>[button color=\u00bbblue\u00bb size=\u00bbsmall\u00bb link=\u00bbhttp:\/\/www.fcf.cat\/pnfg\/NPcd\/NFG_VisClasificacion?cod_primaria=1000120&amp;codgrupo=19889501&amp;codcompeticion=19628977&#8243; target=\u00bbblank\u00bb ]Resultats[\/button]<\/p>\n<p>[button color=\u00bbblue\u00bb size=\u00bbsmall\u00bb link=\u00bbhttp:\/\/www.fcf.cat\/pnfg\/NPcd\/NFG_CmpJornada?cod_primaria=1000120&amp;CodCompeticion=19628977&amp;CodGrupo=19889501&amp;CodTemporada=10&amp;CodJornada=1&#8243; target=\u00bbblank\u00bb ]Classificaci\u00f3[\/button]<\/p>\n","protected":false},"excerpt":{"rendered":"<p>A la jornada 5, el conjunt de Santa Coloma va descansar en la lliga per\u00f2 far\u00e0 un amist\u00f3s el dissabte 1 de novembre contra el Badia del Vall\u00e8s al Nou Municipal de Santa Coloma des de les 14:30 hores. La nova categoria de la Fundaci\u00f3 Grama, el Cadet C FEGrama, passa de la posici\u00f3 de [&hellip;]<\/p>\n","protected":false},"author":1,"featured_media":0,"comment_status":"closed","ping_status":"closed","sticky":false,"template":"","format":"standard","meta":{"footnotes":""},"categories":[4,7],"tags":[398,24,20,27,21],"class_list":["post-6568","post","type-post","status-publish","format-standard","hentry","category-base-inclusiu","category-cadets","tag-barcelona","tag-fundacio-esportiva-grama","tag-fundacio-grama","tag-nou-municipal","tag-santa-coloma"],"_links":{"self":[{"href":"http:\/\/fegrama.cat\/web\/wp-json\/wp\/v2\/posts\/6568","targetHints":{"allow":["GET"]}}],"collection":[{"href":"http:\/\/fegrama.cat\/web\/wp-json\/wp\/v2\/posts"}],"about":[{"href":"http:\/\/fegrama.cat\/web\/wp-json\/wp\/v2\/types\/post"}],"author":[{"embeddable":true,"href":"http:\/\/fegrama.cat\/web\/wp-json\/wp\/v2\/users\/1"}],"replies":[{"embeddable":true,"href":"http:\/\/fegrama.cat\/web\/wp-json\/wp\/v2\/comments?post=6568"}],"version-history":[{"count":1,"href":"http:\/\/fegrama.cat\/web\/wp-json\/wp\/v2\/posts\/6568\/revisions"}],"predecessor-version":[{"id":6569,"href":"http:\/\/fegrama.cat\/web\/wp-json\/wp\/v2\/posts\/6568\/revisions\/6569"}],"wp:attachment":[{"href":"http:\/\/fegrama.cat\/web\/wp-json\/wp\/v2\/media?parent=6568"}],"wp:term":[{"taxonomy":"category","embeddable":true,"href":"http:\/\/fegrama.cat\/web\/wp-json\/wp\/v2\/categories?post=6568"},{"taxonomy":"post_tag","embeddable":true,"href":"http:\/\/fegrama.cat\/web\/wp-json\/wp\/v2\/tags?post=6568"}],"curies":[{"name":"wp","href":"https:\/\/api.w.org\/{rel}","templated":true}]}}