{"id":6564,"date":"2014-11-06T19:05:11","date_gmt":"2014-11-06T18:05:11","guid":{"rendered":"http:\/\/fegrama.cat\/web\/?p=6564"},"modified":"2014-11-06T19:05:11","modified_gmt":"2014-11-06T18:05:11","slug":"el-cadet-b-fegrama-rebra-diumenge-a-santa-coloma-a-la-vila-olimpica-rival-directe-en-la-setena-posicio","status":"publish","type":"post","link":"http:\/\/fegrama.cat\/web\/el-cadet-b-fegrama-rebra-diumenge-a-santa-coloma-a-la-vila-olimpica-rival-directe-en-la-setena-posicio\/","title":{"rendered":"El Cadet B FEGrama rebr\u00e0 diumenge a Santa Coloma a la Vila Ol\u00edmpica, rival directe en la setena posici\u00f3"},"content":{"rendered":"<p>El Cadet B FEGrama dirigit per Agust\u00edn Peraita i V\u00edctor Saavedra aconsegueix la seva segona vict\u00f2ria consecutiva despr\u00e9s de guanyar a casa del Sant Mart\u00ed per 2-4.<\/p>\n<p>L&#8217;anterior va ser a casa de la Guineueta per 1-3 i ara es va haver de remuntar un gol en contra del qual es va encarregar Javier Manchado amb un doblet de gols. Despr\u00e9s, Ferran Bulta i David Morales van haver de desfer l&#8217;empat a 2-2 pel resultat final de 2-4.<\/p>\n<p>El conjunt de la FEGrama remunta de la desena posici\u00f3 a la sisena amb nou punts de tres triomfs.<\/p>\n<p>Per a la jornada 6, els jugadors de la Fundaci\u00f3 Grama rebran a la Vila Ol\u00edmpica, rival directe en la setena posici\u00f3 amb 8 punts, el diumenge 9 de novembre des de les 17:45 hores.<\/p>\n<p>El Cadete B FEGrama dirigido por Agust\u00edn Peraita y V\u00edctor Saavedra consigue su segunda victoria consecutiva tras ganar en casa del Sant Mart\u00ed por 2-4.<\/p>\n<p>La anterior fue en casa de la Guineueta por 1-3 y ahora se tuvo que remontar un gol en contra del cual se encarg\u00f3 Javier Manchado con un doblete de goles. Despu\u00e9s, Ferran Bulta y David Morales tuvieron que deshacer el empate a 2-2 por el resultado final de 2-4.<\/p>\n<p>El conjunto de la FEGrama remonta de la d\u00e9cima posici\u00f3n a la sexta con nueve puntos de tres triunfos.<\/p>\n<p>Para la jornada 6, los jugadores de la Fundaci\u00f3n Grama recibir\u00e1n a la Vila Ol\u00edmpica, rival directo en la s\u00e9ptima posici\u00f3n con 8 puntos, el domingo 9 de noviembre desde las\u00a017:45 horas.<\/p>\n<p>&nbsp;<\/p>\n<div>\n<dl id=\"attachment_5840\">\n<dt><a href=\"http:\/\/fegrama.cat\/web\/wp-content\/uploads\/2014\/10\/acroCadetB@chemacarva12.jpg\"><img loading=\"lazy\" decoding=\"async\" alt=\"Cadete B fundacio grama santa coloma perd davant el Sants\" src=\"http:\/\/fegrama.cat\/web\/wp-content\/uploads\/2014\/10\/acroCadetB@chemacarva12.jpg\" width=\"983\" height=\"461\" \/><\/a><\/dt>\n<dd>Cadete B fundacio grama santa coloma perd davant el Sants en jornada anterior<\/dd>\n<\/dl>\n<\/div>\n<p>&nbsp;<\/p>\n<p>Participa al Gran Concurs de Nadal de la Fundaci\u00f3 Esportiva Grama\u00a0<a href=\"http:\/\/fegrama.cat\/web\/?p=6364\" target=\"_blank\">http:\/\/fegrama.cat\/web\/?p=6364<\/a><\/p>\n<p>El Juvenil A FEGrama treu un clar triomf al Nou Sardenya de l&#8217;Europa per 0-2<br \/>\n<a href=\"http:\/\/fegrama.cat\/web\/?p=6206\" target=\"_blank\">http:\/\/fegrama.cat\/web\/?p=6206<\/a><br \/>\nEl Juvenil Cadet Femen\u00ed FEGrama perd contra el Santa Susanna\u00a0<a href=\"http:\/\/fegrama.cat\/web\/?p=6316\" target=\"_blank\">http:\/\/fegrama.cat\/web\/?p=6316<\/a><br \/>\nEl Cadet B FEGrama remunta i guanya al Municipal Andrade Sant Mart\u00ed del Sant Mart\u00ed-Condal per 2-4\u00a0<a href=\"http:\/\/fegrama.cat\/web\/?p=6216\" target=\"_blank\">http:\/\/fegrama.cat\/web\/?p=6216<\/a><\/p>\n<p>Al\u00e9 Grama!!!<\/p>\n<p>[divider]<\/p>\n<p>[button color=\u00bbblue\u00bb size=\u00bbsmall\u00bb link=\u00bbhttp:\/\/www.fcf.cat\/pnfg\/NPcd\/NFG_CmpJornada?cod_primaria=1000120&amp;CodCompeticion=19628974&amp;CodGrupo=19750999&amp;CodTemporada=10&amp;CodJornada=1&#8243; target=\u00bbblank\u00bb ]Resultats[\/button]<\/p>\n<p>[button color=\u00bbblue\u00bb size=\u00bbsmall\u00bb link=\u00bbhttp:\/\/www.fcf.cat\/pnfg\/NPcd\/NFG_VisClasificacion?cod_primaria=1000120&amp;codgrupo=18576519&amp;codcompeticion=18473296&#8243; target=\u00bbblank\u00bb ]Classificaci\u00f3[\/button]<\/p>\n<p>&nbsp;<\/p>\n","protected":false},"excerpt":{"rendered":"<p>El Cadet B FEGrama dirigit per Agust\u00edn Peraita i V\u00edctor Saavedra aconsegueix la seva segona vict\u00f2ria consecutiva despr\u00e9s de guanyar a casa del Sant Mart\u00ed per 2-4. L&#8217;anterior va ser a casa de la Guineueta per 1-3 i ara es va haver de remuntar un gol en contra del qual es va encarregar Javier Manchado [&hellip;]<\/p>\n","protected":false},"author":1,"featured_media":0,"comment_status":"closed","ping_status":"closed","sticky":false,"template":"","format":"standard","meta":{"footnotes":""},"categories":[4,7],"tags":[398,24,20,27,21],"class_list":["post-6564","post","type-post","status-publish","format-standard","hentry","category-base-inclusiu","category-cadets","tag-barcelona","tag-fundacio-esportiva-grama","tag-fundacio-grama","tag-nou-municipal","tag-santa-coloma"],"_links":{"self":[{"href":"http:\/\/fegrama.cat\/web\/wp-json\/wp\/v2\/posts\/6564","targetHints":{"allow":["GET"]}}],"collection":[{"href":"http:\/\/fegrama.cat\/web\/wp-json\/wp\/v2\/posts"}],"about":[{"href":"http:\/\/fegrama.cat\/web\/wp-json\/wp\/v2\/types\/post"}],"author":[{"embeddable":true,"href":"http:\/\/fegrama.cat\/web\/wp-json\/wp\/v2\/users\/1"}],"replies":[{"embeddable":true,"href":"http:\/\/fegrama.cat\/web\/wp-json\/wp\/v2\/comments?post=6564"}],"version-history":[{"count":1,"href":"http:\/\/fegrama.cat\/web\/wp-json\/wp\/v2\/posts\/6564\/revisions"}],"predecessor-version":[{"id":6566,"href":"http:\/\/fegrama.cat\/web\/wp-json\/wp\/v2\/posts\/6564\/revisions\/6566"}],"wp:attachment":[{"href":"http:\/\/fegrama.cat\/web\/wp-json\/wp\/v2\/media?parent=6564"}],"wp:term":[{"taxonomy":"category","embeddable":true,"href":"http:\/\/fegrama.cat\/web\/wp-json\/wp\/v2\/categories?post=6564"},{"taxonomy":"post_tag","embeddable":true,"href":"http:\/\/fegrama.cat\/web\/wp-json\/wp\/v2\/tags?post=6564"}],"curies":[{"name":"wp","href":"https:\/\/api.w.org\/{rel}","templated":true}]}}