{"id":6556,"date":"2014-11-06T18:54:50","date_gmt":"2014-11-06T17:54:50","guid":{"rendered":"http:\/\/fegrama.cat\/web\/?p=6556"},"modified":"2014-11-06T18:54:50","modified_gmt":"2014-11-06T17:54:50","slug":"el-juvenil-b-fegrama-viatjara-dissabte-al-municipal-cirera-quart","status":"publish","type":"post","link":"http:\/\/fegrama.cat\/web\/el-juvenil-b-fegrama-viatjara-dissabte-al-municipal-cirera-quart\/","title":{"rendered":"El Juvenil B FEGrama viatjar\u00e0 dissabte al Municipal Cirera, quart"},"content":{"rendered":"<p>El Juvenil B FEG dirigit per Javi Murillo no ha aconseguit sumar en aquesta cinquena jornada d&#8217;aquest grup 5 de Primera Divisi\u00f3 a casa davant l&#8217;AT. Masnou (1-2).<\/p>\n<p>Tot i avan\u00e7ar-se al marcador amb un gol de Carlos Ovejero a escassos cinc minuts del final del partit, una remuntada sorprenent ens deixa sense sumar al Nou Municipal de Santa Coloma.<\/p>\n<p><strong>\u00abEns vam deixar remuntar el partit en el temps de descompte\u00bb<\/strong><\/p>\n<p>El mateix entrenador Javi Murillo ens comenta el partit: \u00abEns vam deixar remuntar el partit en el temps de descompte. Amb una molt mala primera part nostra en qu\u00e8 no creem res d&#8217;ocasions de cara a porta. Tot el contrari que en la segona meitat , on ens trobem amb moltes ocasions que no aconseguim realitzar fins que en el minut 85 fiquem un gol que ens posa al davant. a partir d&#8217;aqu\u00ed, ens relaxem i en 5 minuts ens remunten el partit amb molta facilitat \u00ab.<\/p>\n<p>Per a la jornada 6, l&#8217;equip FEGrama viatjar\u00e0 al Municipal Cirera, quart classificat amb 9 punts, el dissabte 8 de novembre des de les 16:30 hores.<\/p>\n<p>Amb aquesta tercera vict\u00f2ria de quatre jornades m\u00e9s un empat, els de la Fundaci\u00f3 Grama es col\u00b7loquen segons amb deu punts despr\u00e9s del Cerdanyola.<\/p>\n<p>El proper dissabte 1 de novembre, el nostre conjunt de la Fundaci\u00f3 Grama (segon classificat amb 10 punts) rebr\u00e0 al Nou Municipal de Santa Coloma al Masnou, nov\u00e8 amb cinc punts, des de les 16:45 hores.<\/p>\n<p>El Juvenil B FEG dirigido por Javi Murillo no ha conseguido sumar en esta quinta jornada de este grupo 5 de Primera Divisi\u00f3n en casa ante el AT. Masnou (1-2).<\/p>\n<p>A pesar de avanzarnos en el marcador con un gol de Carlos Ovejero a escasos cinco minutos del final del encuentro, una remontada sorprendente nos deja sin sumar en el Nou Municipal de Santa Coloma.<\/p>\n<p>El mismo entrenador Javi Murillo nos comenta el partido: \u00abNos dejamos remontar el partido en el tiempo de descuento. Con una muy mala primera parte nuestra en la que no creamos nada de ocasiones de cara a puerta. Todo lo contrario que en la segunda mitad, donde nos encontramos con muchas ocasiones que no conseguimos realizar hasta que en el minuto 85 metemos un gol que nos pone por delante. A partir de ah\u00ed, nos relajamos y en 5 minutos nos remontan el partido con mucha facilidad\u00bb.<\/p>\n<p>Para la jornada 6, el equipo FEGrama viajar\u00e1 al Municipal Cirera, cuarto clasificado con 9 puntos, el s\u00e1bado 8 de noviembre desde las 16:30 horas.<\/p>\n<p>Con esta tercera victoria de cuatro jornadas m\u00e1s un empate, los de la Fundaci\u00f3 Grama se colocan segundos con diez puntos tras el Cerdanyola.<\/p>\n<p>El pr\u00f2ximo s\u00e1bado 1 de noviembre, nuestro conjunto de la Fundaci\u00f3 Grama (segundo clasificado con 10 puntos) recibir\u00e1 en el Nou Municipal de Santa Coloma al Masnou, noveno con cinco puntos, desde las 16:45 horas.<\/p>\n<p>Al\u00e9 Grama!!!<\/p>\n<p>Participa al Gran Concurs de Nadal de la Fundaci\u00f3 Esportiva Grama\u00a0<a href=\"http:\/\/fegrama.cat\/web\/?p=6364\" target=\"_blank\">http:\/\/fegrama.cat\/web\/?p=6364<\/a><\/p>\n<p>El Juvenil A FEGrama treu un clar triomf al Nou Sardenya de l&#8217;Europa per 0-2<br \/>\n<a href=\"http:\/\/fegrama.cat\/web\/?p=6206\" target=\"_blank\">http:\/\/fegrama.cat\/web\/?p=6206<\/a><br \/>\nEl Juvenil Cadet Femen\u00ed FEGrama perd contra el Santa Susanna\u00a0<a href=\"http:\/\/fegrama.cat\/web\/?p=6316\" target=\"_blank\">http:\/\/fegrama.cat\/web\/?p=6316<\/a><br \/>\nEl Cadet B FEGrama remunta i guanya al Municipal Andrade Sant Mart\u00ed del Sant Mart\u00ed-Condal per 2-4\u00a0<a href=\"http:\/\/fegrama.cat\/web\/?p=6216\" target=\"_blank\">http:\/\/fegrama.cat\/web\/?p=6216<\/a><\/p>\n<p>[divider]<\/p>\n<p>[button color=\u00bbblue\u00bb size=\u00bbsmall\u00bb link=\u00bbhttp:\/\/www.fcf.cat\/pnfg\/NPcd\/NFG_VisClasificacion?cod_primaria=1000120&amp;codgrupo=19750718&amp;codcompeticion=19624804&#8243; ]Resultats[\/button]<\/p>\n<p>[button color=\u00bbblue\u00bb size=\u00bbsmall\u00bb link=\u00bbhttp:\/\/www.fcf.cat\/pnfg\/NPcd\/NFG_VisClasificacion?cod_primaria=1000120&amp;codgrupo=18563099&amp;codcompeticion=18473289&#8243; target=\u00bbblank\u00bb ]Classificaci\u00f3[\/button]<\/p>\n<p>&nbsp;<\/p>\n","protected":false},"excerpt":{"rendered":"<p>El Juvenil B FEG dirigit per Javi Murillo no ha aconseguit sumar en aquesta cinquena jornada d&#8217;aquest grup 5 de Primera Divisi\u00f3 a casa davant l&#8217;AT. Masnou (1-2). Tot i avan\u00e7ar-se al marcador amb un gol de Carlos Ovejero a escassos cinc minuts del final del partit, una remuntada sorprenent ens deixa sense sumar al [&hellip;]<\/p>\n","protected":false},"author":1,"featured_media":0,"comment_status":"closed","ping_status":"closed","sticky":false,"template":"","format":"standard","meta":{"footnotes":""},"categories":[4,6],"tags":[398,24,20,27,21],"class_list":["post-6556","post","type-post","status-publish","format-standard","hentry","category-base-inclusiu","category-juvenils","tag-barcelona","tag-fundacio-esportiva-grama","tag-fundacio-grama","tag-nou-municipal","tag-santa-coloma"],"_links":{"self":[{"href":"http:\/\/fegrama.cat\/web\/wp-json\/wp\/v2\/posts\/6556","targetHints":{"allow":["GET"]}}],"collection":[{"href":"http:\/\/fegrama.cat\/web\/wp-json\/wp\/v2\/posts"}],"about":[{"href":"http:\/\/fegrama.cat\/web\/wp-json\/wp\/v2\/types\/post"}],"author":[{"embeddable":true,"href":"http:\/\/fegrama.cat\/web\/wp-json\/wp\/v2\/users\/1"}],"replies":[{"embeddable":true,"href":"http:\/\/fegrama.cat\/web\/wp-json\/wp\/v2\/comments?post=6556"}],"version-history":[{"count":1,"href":"http:\/\/fegrama.cat\/web\/wp-json\/wp\/v2\/posts\/6556\/revisions"}],"predecessor-version":[{"id":6558,"href":"http:\/\/fegrama.cat\/web\/wp-json\/wp\/v2\/posts\/6556\/revisions\/6558"}],"wp:attachment":[{"href":"http:\/\/fegrama.cat\/web\/wp-json\/wp\/v2\/media?parent=6556"}],"wp:term":[{"taxonomy":"category","embeddable":true,"href":"http:\/\/fegrama.cat\/web\/wp-json\/wp\/v2\/categories?post=6556"},{"taxonomy":"post_tag","embeddable":true,"href":"http:\/\/fegrama.cat\/web\/wp-json\/wp\/v2\/tags?post=6556"}],"curies":[{"name":"wp","href":"https:\/\/api.w.org\/{rel}","templated":true}]}}