{"id":6554,"date":"2014-11-06T18:51:35","date_gmt":"2014-11-06T17:51:35","guid":{"rendered":"http:\/\/fegrama.cat\/web\/?p=6554"},"modified":"2014-11-06T18:51:35","modified_gmt":"2014-11-06T17:51:35","slug":"el-juvenil-preferent-rebra-diumenge-a-la-unificacio-llefia-rival-directe-en-la-dotzena-posicio","status":"publish","type":"post","link":"http:\/\/fegrama.cat\/web\/el-juvenil-preferent-rebra-diumenge-a-la-unificacio-llefia-rival-directe-en-la-dotzena-posicio\/","title":{"rendered":"El Juvenil Preferent rebr\u00e0 diumenge a la Unificaci\u00f3 Llefi\u00e0, rival directe en la dotzena posici\u00f3"},"content":{"rendered":"<p>Vict\u00f2ria molt important del nostre Juvenil Preferent FEGrama a casa de l&#8217;Europa, rival directe, per un clar resultat de 0-2.<\/p>\n<p>La clau del partit va estar en els minuts finals de la primera part previs al descans amb un penal transformat per Oriol Boix (43 &#8216;) que va ser seguit amb un altre gol d&#8217;Alexi Rodr\u00edguez al minut 44.<\/p>\n<p>Amb aquesta segona vict\u00f2ria m\u00e9s dos empats sumem vuit punts que ens pugen fins a l&#8217;onzena posici\u00f3.<\/p>\n<p>Per a la jornada 8, l&#8217;equip de Santa Coloma rebr\u00e0 la Unificaci\u00f3 Llefi\u00e0, rival directe en la dotzena posici\u00f3 empatats amb vuit punts, el proper diumenge 9 de novembre des de les 11:45 hores.<\/p>\n<p>Victoria muy importante de nuestro Juvenil Preferente FEGrama en casa del Europa, rival directo, por un claro resultado de 0-2.<\/p>\n<p>La clave del partido estuvo en los minutos finales de la primera parte previos al descanso con un penalti transformado por Oriol Boix (43&#8217;) que fue seguido con otro gol de Alexi Rodr\u00edguez en el minuto 44.<\/p>\n<p>Con esta segunda victoria m\u00e1s dos empates sumamos ocho puntos que nos suben hasta la und\u00e9cima posici\u00f3n.<\/p>\n<p>Para la jornada 8, el equipo de Santa Coloma recibir\u00e1 a la Unificaci\u00f3n Llefi\u00e0, rival directo en la doceava posici\u00f3n empatados con ocho puntos, el pr\u00f3ximo domingo 9 de noviembre desde las 11:45 horas.<\/p>\n<p>Al\u00e9 Grama!!!<\/p>\n<div>\n<dl id=\"attachment_6032\">\n<dt><a href=\"http:\/\/fegrama.cat\/web\/wp-content\/uploads\/2014\/10\/goljuvenilA@chemacarva.jpg\"><img loading=\"lazy\" decoding=\"async\" title=\"Aleix celebra el 2-1 per a la FEGrama davant el Premi\u00e0: fundacio grama santa coloma\" alt=\"Aleix celebra el 2-1 per a la FEGrama davant el Premi\u00e0: fundacio grama santa coloma\" src=\"http:\/\/fegrama.cat\/web\/wp-content\/uploads\/2014\/10\/goljuvenilA@chemacarva.jpg\" width=\"743\" height=\"499\" \/><\/a><\/dt>\n<dd>Aleix celebra el 2-1 per a la FEGrama davant el Premi\u00e0 a la jornada anterior: fundacio grama santa coloma<\/dd>\n<\/dl>\n<\/div>\n<p>&nbsp;<\/p>\n<p>Participa al Gran Concurs de Nadal de la Fundaci\u00f3 Esportiva Grama http:\/\/fegrama.cat\/web\/?p=6364<br \/>\nEl Juvenil Cadet Femen\u00ed FEGrama perd contra el Santa Susanna http:\/\/fegrama.cat\/web\/?p=6316<br \/>\nEl Cadet B FEGrama remunta i guanya al Municipal Andrade Sant Mart\u00ed del Sant Mart\u00ed-Condal per 2-4 http:\/\/fegrama.cat\/web\/?p=6216<\/p>\n<p>Al\u00e9 Grama!!!<\/p>\n<p>Llegeix m\u00e9s articles\/Lee\u00a0 m\u00e1s art\u00edculos:<\/p>\n<p>Participa al Gran Concurs de Nadal de la Fundaci\u00f3 Esportiva Grama\u00a0<a href=\"http:\/\/fegrama.cat\/web\/?p=6364\" target=\"_blank\">http:\/\/fegrama.cat\/web\/?p=6364<\/a><\/p>\n<p>L&#8217;Amateur FEGrama segueix l\u00edder per\u00f2 s&#8217;encalla amb un empat amb el perseguidor, el Cabrils (0-0) \u00a0<a href=\"http:\/\/fegrama.cat\/web\/?p=6307\">http:\/\/fegrama.cat\/web\/?p=6307<\/a><\/p>\n<p>El Juvenil A FEGrama treu un clar triomf al Nou Sardenya de l&#8217;Europa per 0-2<br \/>\n<a href=\"http:\/\/fegrama.cat\/web\/?p=6206\" target=\"_blank\">http:\/\/fegrama.cat\/web\/?p=6206<\/a><br \/>\nEl Juvenil Cadet Femen\u00ed FEGrama perd contra el Santa Susanna\u00a0<a href=\"http:\/\/fegrama.cat\/web\/?p=6316\" target=\"_blank\">http:\/\/fegrama.cat\/web\/?p=6316<\/a><br \/>\nEl Cadet B FEGrama remunta i guanya al Municipal Andrade Sant Mart\u00ed del Sant Mart\u00ed-Condal per 2-4\u00a0<a href=\"http:\/\/fegrama.cat\/web\/?p=6216\" target=\"_blank\">http:\/\/fegrama.cat\/web\/?p=6216<\/a><\/p>\n","protected":false},"excerpt":{"rendered":"<p>Vict\u00f2ria molt important del nostre Juvenil Preferent FEGrama a casa de l&#8217;Europa, rival directe, per un clar resultat de 0-2. La clau del partit va estar en els minuts finals de la primera part previs al descans amb un penal transformat per Oriol Boix (43 &#8216;) que va ser seguit amb un altre gol d&#8217;Alexi [&hellip;]<\/p>\n","protected":false},"author":1,"featured_media":0,"comment_status":"closed","ping_status":"closed","sticky":false,"template":"","format":"standard","meta":{"footnotes":""},"categories":[4,6],"tags":[398,24,20,27,21],"class_list":["post-6554","post","type-post","status-publish","format-standard","hentry","category-base-inclusiu","category-juvenils","tag-barcelona","tag-fundacio-esportiva-grama","tag-fundacio-grama","tag-nou-municipal","tag-santa-coloma"],"_links":{"self":[{"href":"http:\/\/fegrama.cat\/web\/wp-json\/wp\/v2\/posts\/6554","targetHints":{"allow":["GET"]}}],"collection":[{"href":"http:\/\/fegrama.cat\/web\/wp-json\/wp\/v2\/posts"}],"about":[{"href":"http:\/\/fegrama.cat\/web\/wp-json\/wp\/v2\/types\/post"}],"author":[{"embeddable":true,"href":"http:\/\/fegrama.cat\/web\/wp-json\/wp\/v2\/users\/1"}],"replies":[{"embeddable":true,"href":"http:\/\/fegrama.cat\/web\/wp-json\/wp\/v2\/comments?post=6554"}],"version-history":[{"count":2,"href":"http:\/\/fegrama.cat\/web\/wp-json\/wp\/v2\/posts\/6554\/revisions"}],"predecessor-version":[{"id":6689,"href":"http:\/\/fegrama.cat\/web\/wp-json\/wp\/v2\/posts\/6554\/revisions\/6689"}],"wp:attachment":[{"href":"http:\/\/fegrama.cat\/web\/wp-json\/wp\/v2\/media?parent=6554"}],"wp:term":[{"taxonomy":"category","embeddable":true,"href":"http:\/\/fegrama.cat\/web\/wp-json\/wp\/v2\/categories?post=6554"},{"taxonomy":"post_tag","embeddable":true,"href":"http:\/\/fegrama.cat\/web\/wp-json\/wp\/v2\/tags?post=6554"}],"curies":[{"name":"wp","href":"https:\/\/api.w.org\/{rel}","templated":true}]}}