{"id":6552,"date":"2014-11-06T18:49:38","date_gmt":"2014-11-06T17:49:38","guid":{"rendered":"http:\/\/fegrama.cat\/web\/?p=6552"},"modified":"2014-11-06T18:49:38","modified_gmt":"2014-11-06T17:49:38","slug":"lamateur-de-la-fundacio-grama-es-desplacara-dissabte-per-refermar-el-liderat-al-municipal-de-premia-de-dalt-dotze","status":"publish","type":"post","link":"http:\/\/fegrama.cat\/web\/lamateur-de-la-fundacio-grama-es-desplacara-dissabte-per-refermar-el-liderat-al-municipal-de-premia-de-dalt-dotze\/","title":{"rendered":"L&#8217;Amateur de la Fundaci\u00f3 Grama es despla\u00e7ar\u00e0 dissabte per refermar el liderat al Municipal de Premi\u00e0 de Dalt, dotz\u00e8"},"content":{"rendered":"<p>Primer contra segon, empatats a 15 punts amb 5 de 5 vict\u00f2ries i ara un empat entre ells que deixa la classificaci\u00f3 molt\u00a0estreta\u00a0encara que qued\u00e9s palpable la superioritat local al partit.\u00a0L&#8217;Amateur de la Fundaci\u00f3 Grama ho va tenir a les seves mans contra el Cabrils al Nou Municipal de Santa Coloma per\u00f2 finalment va haver-hi repart de punts (0-0).<\/p>\n<p>El partit comen\u00e7ava amb un minut de silenci demandat pel Cabrils on els de Santa Coloma van arribar m\u00e9s i amb m\u00e9s intenci\u00f3 de canviar el marcador com el primer av\u00eds de la FEGrama per part de Moha que frega el pal esquerre en el minut 9.<\/p>\n<p>Al minut 15 seria Santi De La Rica qui provaria amb assist\u00e8ncia de David per\u00f2 tamb\u00e9 va marxar lluny dels tres pals.<\/p>\n<p>Fins al minut 22 el Cabrils no va arribar a la porteria de Fran Puig amb un xut a porta mentre el nostre jugador Moha estava tombat per una possible falta a la gespa.<\/p>\n<p>La trobada va disposar de m\u00e9s ocasions per la Fundaci\u00f3 Grama per\u00f2 on la m\u00e9s clara va arribar en el temps afegit amb un penal errat en el 93.<\/p>\n<p>Com explica el nostre m\u00edster, Ramon Carranza: \u00abPartit desgraciat on no ha volgut entrar la pilota. Un rival seri\u00f3s i ben plantat encara que no ens ha creat gaireb\u00e9 ocasions. Moltes arribades per la nostra part tot i que no aconseguim transformar cap, fins i tot un penal a favor en el minut 93 amb el partit acabat. 1r punxada encara 1 punt que ens fa seguir l\u00edders invictes. \u00bb<\/p>\n<p>Per a la jornada 8, els jugadors de la FEGrama es despla\u00e7aran al Municipal de Premi\u00e0 de Dalt, dotz\u00e8 amb nom\u00e9s 3 punts, el proper dissabte 8 de novembre des de les 16 hores.<\/p>\n<p>Primero contra segundo, empatados a 15 puntos con 5 de 5 victorias y ahora un empate entre ellos que deja la clasificaci\u00f3n muy estrecha aunque quedara palpable la superioridad local en el juego.\u00a0El Amateur de la Fundaci\u00f3n Grama lo tuvo en sus manos contra el Cabrils en el Nou Municipal de Santa Coloma pero finalmente hubo reparto de puntos (0-0).<\/p>\n<p>El partido comenzaba con un minuto de silencio demandado por Cabrils donde los de Santa Coloma llegaron m\u00e1s y con m\u00e1s intenci\u00f3n de cambiar el marcador como el primer aviso de la FEGrama por parte de Moha que roza el poste izquierdo en el minuto 9.<\/p>\n<p>En el minuto 15 ser\u00eda Santi De La Rica quien probar\u00eda con asistencia de David pero tambi\u00e9n se fue lejos de los tres palos.<\/p>\n<p>Hasta el minuto 22 el Cabrils no lleg\u00f3 a la porter\u00eda de Fran Puig con un tiro a puerta mientras nuestro jugador Moha estaba tumbado por una posible falta en el c\u00e9sped.<\/p>\n<p>El encuentro dispuso de m\u00e1s ocasiones por la Fundaci\u00f3n Grama pero donde la m\u00e1s clara lleg\u00f3 en el tiempo a\u00f1adido con un penalti errado en el 93.<\/p>\n<p>Como explica nuestro m\u00edster, Ramon Carranza: \u00abPartido desgraciado donde no ha querido entrar la pelota. Un rival serio y bien plantado aunque no nos ha creado casi ocasiones. Muchas llegadas por nuestra parte aunque no conseguimos transformar cabeza, hasta y todo un penalti a favor en el minuto 93 con el partido terminado. 1\u00ba pinchazo aunque 1 punto que nos hace seguir l\u00edderes invictos. \u00bb<\/p>\n<p>Para la jornada 8, los jugadores de la FEGrama\u00a0se desplazar\u00e1n en el Municipal de Premi\u00e0 de Dalt, duod\u00e9cimo con s\u00f3lo 3 puntos, el pr\u00f3ximo s\u00e1bado 8 de noviembre desde las 16 horas.<\/p>\n<p>Al\u00e9 Grama!<\/p>\n<div>\n<dl id=\"attachment_6311\">\n<dt><a href=\"http:\/\/fegrama.cat\/web\/wp-content\/uploads\/2014\/11\/Amteur_FEG-Cabrils@chemacarva077.jpg\"><img loading=\"lazy\" decoding=\"async\" alt=\"Amateur,FEG,senior ,fundacio grama, santa coloma,Cabrils , @chemacarva\" src=\"http:\/\/fegrama.cat\/web\/wp-content\/uploads\/2014\/11\/Amteur_FEG-Cabrils@chemacarva077.jpg\" width=\"640\" height=\"480\" \/><\/a><\/dt>\n<dd>Amateur,FEG,senior ,fundacio grama, santa coloma,Cabrils , @chemacarva<\/dd>\n<\/dl>\n<\/div>\n<div>\n<dl id=\"attachment_6309\">\n<dt><a href=\"http:\/\/fegrama.cat\/web\/wp-content\/uploads\/2014\/11\/clas.jpg\"><img loading=\"lazy\" decoding=\"async\" alt=\"senior ,fundacio grama, santa coloma\" src=\"http:\/\/fegrama.cat\/web\/wp-content\/uploads\/2014\/11\/clas.jpg\" width=\"758\" height=\"649\" \/><\/a><\/dt>\n<dd>senior ,fundacio grama, santa coloma<\/dd>\n<\/dl>\n<\/div>\n<p><a href=\"http:\/\/fegrama.cat\/web\/wp-content\/uploads\/2014\/11\/fich.jpg\"><img loading=\"lazy\" decoding=\"async\" alt=\"fich\" src=\"http:\/\/fegrama.cat\/web\/wp-content\/uploads\/2014\/11\/fich.jpg\" width=\"745\" height=\"809\" \/><\/a><\/p>\n<p>Participa al Gran Concurs de Nadal de la Fundaci\u00f3 Esportiva Grama\u00a0<a href=\"http:\/\/fegrama.cat\/web\/?p=6364\" target=\"_blank\">http:\/\/fegrama.cat\/web\/?p=6364<\/a><\/p>\n<p>El Juvenil A FEGrama treu un clar triomf al Nou Sardenya de l&#8217;Europa per 0-2<br \/>\n<a href=\"http:\/\/fegrama.cat\/web\/?p=6206\" target=\"_blank\">http:\/\/fegrama.cat\/web\/?p=6206<\/a><br \/>\nEl Juvenil Cadet Femen\u00ed FEGrama perd contra el Santa Susanna\u00a0<a href=\"http:\/\/fegrama.cat\/web\/?p=6316\" target=\"_blank\">http:\/\/fegrama.cat\/web\/?p=6316<\/a><br \/>\nEl Cadet B FEGrama remunta i guanya al Municipal Andrade Sant Mart\u00ed del Sant Mart\u00ed-Condal per 2-4\u00a0<a href=\"http:\/\/fegrama.cat\/web\/?p=6216\" target=\"_blank\">http:\/\/fegrama.cat\/web\/?p=6216<\/a><\/p>\n<p>[divider]<\/p>\n<p>[button color=\u00bbblue\u00bb size=\u00bbsmall\u00bb link=\u00bbhttp:\/\/www.fcf.cat\/pnfg\/NFG_CmpPartido?cod_primaria=1000120&amp;CodActa=971036&#8243; target=\u00bbblank\u00bb ]Resultats[\/button]<\/p>\n<p>[button color=\u00bbblue\u00bb size=\u00bbsmall\u00bb link=\u00bbhttp:\/\/www.fcf.cat\/pnfg\/NPcd\/NFG_VisClasificacion?cod_primaria=1000120&amp;codgrupo=18559830&amp;codcompeticion=18473252&#8243; target=\u00bbblank\u00bb ]Classificaci\u00f3[\/button]<\/p>\n","protected":false},"excerpt":{"rendered":"<p>Primer contra segon, empatats a 15 punts amb 5 de 5 vict\u00f2ries i ara un empat entre ells que deixa la classificaci\u00f3 molt\u00a0estreta\u00a0encara que qued\u00e9s palpable la superioritat local al partit.\u00a0L&#8217;Amateur de la Fundaci\u00f3 Grama ho va tenir a les seves mans contra el Cabrils al Nou Municipal de Santa Coloma per\u00f2 finalment va haver-hi [&hellip;]<\/p>\n","protected":false},"author":1,"featured_media":0,"comment_status":"closed","ping_status":"closed","sticky":false,"template":"","format":"standard","meta":{"footnotes":""},"categories":[4,5],"tags":[398,24,20,27,21],"class_list":["post-6552","post","type-post","status-publish","format-standard","hentry","category-base-inclusiu","category-primer-equip","tag-barcelona","tag-fundacio-esportiva-grama","tag-fundacio-grama","tag-nou-municipal","tag-santa-coloma"],"_links":{"self":[{"href":"http:\/\/fegrama.cat\/web\/wp-json\/wp\/v2\/posts\/6552","targetHints":{"allow":["GET"]}}],"collection":[{"href":"http:\/\/fegrama.cat\/web\/wp-json\/wp\/v2\/posts"}],"about":[{"href":"http:\/\/fegrama.cat\/web\/wp-json\/wp\/v2\/types\/post"}],"author":[{"embeddable":true,"href":"http:\/\/fegrama.cat\/web\/wp-json\/wp\/v2\/users\/1"}],"replies":[{"embeddable":true,"href":"http:\/\/fegrama.cat\/web\/wp-json\/wp\/v2\/comments?post=6552"}],"version-history":[{"count":2,"href":"http:\/\/fegrama.cat\/web\/wp-json\/wp\/v2\/posts\/6552\/revisions"}],"predecessor-version":[{"id":6671,"href":"http:\/\/fegrama.cat\/web\/wp-json\/wp\/v2\/posts\/6552\/revisions\/6671"}],"wp:attachment":[{"href":"http:\/\/fegrama.cat\/web\/wp-json\/wp\/v2\/media?parent=6552"}],"wp:term":[{"taxonomy":"category","embeddable":true,"href":"http:\/\/fegrama.cat\/web\/wp-json\/wp\/v2\/categories?post=6552"},{"taxonomy":"post_tag","embeddable":true,"href":"http:\/\/fegrama.cat\/web\/wp-json\/wp\/v2\/tags?post=6552"}],"curies":[{"name":"wp","href":"https:\/\/api.w.org\/{rel}","templated":true}]}}