{"id":6550,"date":"2014-11-06T18:39:12","date_gmt":"2014-11-06T17:39:12","guid":{"rendered":"http:\/\/fegrama.cat\/web\/?p=6550"},"modified":"2014-11-06T18:39:12","modified_gmt":"2014-11-06T17:39:12","slug":"el-benjamin-f-fegrama-rebra-diumenge-al-nou-municipal-davant-el-sistrells-sete","status":"publish","type":"post","link":"http:\/\/fegrama.cat\/web\/el-benjamin-f-fegrama-rebra-diumenge-al-nou-municipal-davant-el-sistrells-sete\/","title":{"rendered":"El Benjam\u00edn F FEGrama rebr\u00e0 diumenge al Nou Municipal davant el Sistrells, set\u00e8"},"content":{"rendered":"<p>El Benjam\u00ed F FEGrama de Daniel i Pol Hern\u00e1ndez perden en la seva visita al segon classificat, el Hospitalenc, per 6-1.<\/p>\n<p>El solitari gol d&#8217;Iv\u00e1n S\u00e1nchez no va ser revulsiu davant un dels equips m\u00e9s competitius d&#8217;aquest grup 7 de Tercera Divisi\u00f3, l&#8217;equip de la Fundaci\u00f3 Grama sabr\u00e0 aixecar el cap i seguir aprenent de tot el jugat com ho va ser igual de dif\u00edcil davant el Sants que \u00e9s tercer i el Martinenc tercer classificat, amb qui va acabar derrotat anteriorment.<\/p>\n<p>Els xavals de la Fundaci\u00f3 Grama han de seguir aprenent, fins i tot de les derrotes que \u00e9s on m\u00e9s s&#8217;apr\u00e8n, i continuar jugant amb confian\u00e7a per als pr\u00f2xims partits.<\/p>\n<p>Com el del proper diumenge 9 de novembre al Nou Municipal davant el Sistrells, set\u00e8 classificat. Ser\u00e0 des de les 8:30 hores.<\/p>\n<p>El Benjam\u00edn F FEGrama de Daniel y Pol Hern\u00e1ndez pierden en su visita al segundo clasificado, el Hospitalense, por 6-1.<\/p>\n<p>El solitario gol de Iv\u00e1n S\u00e1nchez no fue revulsivo ante uno de los equipos m\u00e1s competitivos de este grupo 7 de Tercera Divisi\u00f3n, el equipo de la Fundaci\u00f3 Grama sabr\u00e1 levantar la cabeza y seguir aprendiendo de todo lo jugado como lo fue igual de dif\u00edcil ante el Sants que es tercero y el Martinenc tercer clasificado, con quienes acab\u00f3 derrotado anteriormente.<\/p>\n<p>Los chavales de la Fundaci\u00f3 Grama deben seguir aprendiendo, incluso de las derrotas que es donde m\u00e1s se aprende, y continuar jugando con confianza para los pr\u00f3ximos encuentros.<\/p>\n<p>Como el del pr\u00f3ximo domingo 9 de noviembre en el Nou Municipal ante el Sistrells, s\u00e9ptimo clasificado. Ser\u00e1 desde las 8:30 horas.<\/p>\n<div>\n<dl id=\"attachment_6099\">\n<dt><a href=\"http:\/\/fegrama.cat\/web\/wp-content\/uploads\/2014\/10\/Benjami_F_FEG-SINGUERLIN@chemacarva043.jpg\"><img loading=\"lazy\" decoding=\"async\" alt=\"Benjami_F fundacio grama santa coloma FEG contra SINGUERLIN @chemacarva\" src=\"http:\/\/fegrama.cat\/web\/wp-content\/uploads\/2014\/10\/Benjami_F_FEG-SINGUERLIN@chemacarva043.jpg\" width=\"640\" height=\"480\" \/><\/a><\/dt>\n<dd>Benjami_F fundacio grama santa coloma FEG contra SINGUERLIN @chemacarva<\/dd>\n<\/dl>\n<\/div>\n<p>&nbsp;<\/p>\n<p>Al\u00e9 Grama!!!<\/p>\n<p>Llegeix m\u00e9s articles\/Lee\u00a0 m\u00e1s art\u00edculos:<\/p>\n<p>Participa al Gran Concurs de Nadal de la Fundaci\u00f3 Esportiva Grama\u00a0<a href=\"http:\/\/fegrama.cat\/web\/?p=6364\" target=\"_blank\">http:\/\/fegrama.cat\/web\/?p=6364<\/a><\/p>\n<p>El Juvenil A FEGrama treu un clar triomf al Nou Sardenya de l&#8217;Europa per 0-2<br \/>\n<a href=\"http:\/\/fegrama.cat\/web\/?p=6206\" target=\"_blank\">http:\/\/fegrama.cat\/web\/?p=6206<\/a><br \/>\nEl Juvenil Cadet Femen\u00ed FEGrama perd contra el Santa Susanna\u00a0<a href=\"http:\/\/fegrama.cat\/web\/?p=6316\" target=\"_blank\">http:\/\/fegrama.cat\/web\/?p=6316<\/a><br \/>\nEl Cadet B FEGrama remunta i guanya al Municipal Andrade Sant Mart\u00ed del Sant Mart\u00ed-Condal per 2-4\u00a0<a href=\"http:\/\/fegrama.cat\/web\/?p=6216\" target=\"_blank\">http:\/\/fegrama.cat\/web\/?p=6216<\/a><\/p>\n<p>[divider]<\/p>\n<p>[button color=\u00bbblue\u00bb size=\u00bbsmall\u00bb link=\u00bbhttp:\/\/www.fcf.cat\/pnfg\/NPcd\/NFG_CmpJornada?cod_primaria=1000120&amp;CodCompeticion=19629017&amp;CodGrupo=19973399&amp;CodTemporada=10&amp;CodJornada=1&#8243; target=\u00bbblank\u00bb ]Resultats[\/button]<\/p>\n<p>[button color=\u00bbblue\u00bb size=\u00bbsmall\u00bb link=\u00bbhttp:\/\/www.fcf.cat\/pnfg\/NPcd\/NFG_VisClasificacion?cod_primaria=1000120&amp;codgrupo=19973399&amp;codcompeticion=19629017&#8243; ]Classificaci\u00f3[\/button]<\/p>\n","protected":false},"excerpt":{"rendered":"<p>El Benjam\u00ed F FEGrama de Daniel i Pol Hern\u00e1ndez perden en la seva visita al segon classificat, el Hospitalenc, per 6-1. El solitari gol d&#8217;Iv\u00e1n S\u00e1nchez no va ser revulsiu davant un dels equips m\u00e9s competitius d&#8217;aquest grup 7 de Tercera Divisi\u00f3, l&#8217;equip de la Fundaci\u00f3 Grama sabr\u00e0 aixecar el cap i seguir aprenent de [&hellip;]<\/p>\n","protected":false},"author":1,"featured_media":0,"comment_status":"closed","ping_status":"closed","sticky":false,"template":"","format":"standard","meta":{"footnotes":""},"categories":[4,11],"tags":[398,24,20,27,21],"class_list":["post-6550","post","type-post","status-publish","format-standard","hentry","category-base-inclusiu","category-benjamins","tag-barcelona","tag-fundacio-esportiva-grama","tag-fundacio-grama","tag-nou-municipal","tag-santa-coloma"],"_links":{"self":[{"href":"http:\/\/fegrama.cat\/web\/wp-json\/wp\/v2\/posts\/6550","targetHints":{"allow":["GET"]}}],"collection":[{"href":"http:\/\/fegrama.cat\/web\/wp-json\/wp\/v2\/posts"}],"about":[{"href":"http:\/\/fegrama.cat\/web\/wp-json\/wp\/v2\/types\/post"}],"author":[{"embeddable":true,"href":"http:\/\/fegrama.cat\/web\/wp-json\/wp\/v2\/users\/1"}],"replies":[{"embeddable":true,"href":"http:\/\/fegrama.cat\/web\/wp-json\/wp\/v2\/comments?post=6550"}],"version-history":[{"count":2,"href":"http:\/\/fegrama.cat\/web\/wp-json\/wp\/v2\/posts\/6550\/revisions"}],"predecessor-version":[{"id":6808,"href":"http:\/\/fegrama.cat\/web\/wp-json\/wp\/v2\/posts\/6550\/revisions\/6808"}],"wp:attachment":[{"href":"http:\/\/fegrama.cat\/web\/wp-json\/wp\/v2\/media?parent=6550"}],"wp:term":[{"taxonomy":"category","embeddable":true,"href":"http:\/\/fegrama.cat\/web\/wp-json\/wp\/v2\/categories?post=6550"},{"taxonomy":"post_tag","embeddable":true,"href":"http:\/\/fegrama.cat\/web\/wp-json\/wp\/v2\/tags?post=6550"}],"curies":[{"name":"wp","href":"https:\/\/api.w.org\/{rel}","templated":true}]}}