{"id":601,"date":"2013-12-17T23:34:04","date_gmt":"2013-12-17T23:34:04","guid":{"rendered":"http:\/\/fegrama.cat\/web\/?p=601"},"modified":"2013-12-18T19:54:46","modified_gmt":"2013-12-18T19:54:46","slug":"col-labora-a-lluitar-contra-el-parkinson","status":"publish","type":"post","link":"http:\/\/fegrama.cat\/web\/col-labora-a-lluitar-contra-el-parkinson\/","title":{"rendered":"Col.labora a lluitar contra el Parkinson!!"},"content":{"rendered":"<p style=\"text-align: justify;\"><span style=\"color: #000000;\">L\u2019<strong>Associaci\u00f3 de Parkinson de les Comarques de Tarragona<\/strong> i <strong>Vilarenc Aqua\u00a0Centre Esportiu<\/strong> inicien una campanya de recaptaci\u00f3 de fons de conscienciaci\u00f3 i sensibilitzaci\u00f3 per donar continuitat a l&#8217;associaci\u00f3 en la seva tasca de suport als malalts i familiars de Parkinson.<\/span><\/p>\n<p><span style=\"color: #000000;\">La campanya s\u2019iniciar\u00e0 el <strong>30 de desembre del 2013<\/strong> i est\u00e0 oberta a tothom qui vulgui col.laborar. Ajuda&#8217;ls i comparteix solidaritat!!<\/span><\/p>\n<figure id=\"attachment_602\" aria-describedby=\"caption-attachment-602\" style=\"width: 566px\" class=\"wp-caption alignleft\"><a href=\"https:\/\/plus.google.com\/photos\/113125192083830612262\/albums?banner=pwa\"><img loading=\"lazy\" decoding=\"async\" class=\" wp-image-602   \" alt=\"A la foto, el nostre president de la Fundaci\u00f3 esportiva Grama Antonio Morales interv\u00e9 per donar tot el suport i rodejat de l'alcalde de Calafell, Joan Olivella, M\u00aaTeresa Gonz\u00e1lez, regidora d'Esports, Dori Sancho, presidenta de l\u2019associaci\u00f3 de Parkinson de les Comarques de Tarragona i Mario Ruano, comptable, entre d'altres autoritats.\" src=\"http:\/\/fegrama.cat\/web\/wp-content\/uploads\/2013\/12\/moralesParkinson.jpg\" width=\"566\" height=\"387\" \/><\/a><figcaption id=\"caption-attachment-602\" class=\"wp-caption-text\">A la foto, el nostre president de la Fundaci\u00f3 esportiva Grama Antonio Morales interv\u00e9 per donar tot el suport i rodejat de l&#8217;alcalde de Calafell, Joan Olivella, M\u00aaTeresa Gonz\u00e1lez, regidora d&#8217;Esports, Dori Sancho, presidenta de l\u2019associaci\u00f3 de Parkinson de les Comarques de Tarragona i Mario Ruano, comptable, entre d&#8217;altres autoritats.<\/figcaption><\/figure>\n<p><span style=\"color: #000000;\">A la foto, el nostre president de la\u00a0<strong><a href=\"https:\/\/www.facebook.com\/FundacioesportivaGrama\" data-hovercard=\"\/ajax\/hovercard\/page.php?id=538322682869948&amp;extragetparams=%7B%22directed_target_id%22%3A0%7D\"><span style=\"color: #000000;\">Fundaci\u00f3 esportiva Grama<\/span><\/a>\u00a0Antonio Morales<\/strong> interv\u00e9 per donar tot el suport i rodejat de l&#8217;<strong>alcalde de Calafell<\/strong>, Joan Olivella, M\u00aaTeresa Gonz\u00e1lez, r<strong>egidora d&#8217;Esports<\/strong>, Dori Sancho, presidenta de l\u2019<strong>Associaci\u00f3 de Parkinson de les Comarques de Tarragona<\/strong> i Mario Ruano, comptable, entre d&#8217;altres autoritats.<\/span><\/p>\n<p><span style=\"color: #000000;\">Morales va intervindre com a m\u00e0xim responsable de les instal.lacions esportives Vilarecn Agua de Calafell, lloc on es va va organitzar l&#8217;event de car\u00e0cter solidari.<\/span><\/p>\n<p style=\"text-align: justify;\"><span style=\"color: #000000;\">La asociaci\u00f3n de Parkinson de las Comarcas de Tarragona y Vilarenc Aqua inician una campa\u00f1a de recaudaci\u00f3n de fondos de concienciaci\u00f3n y sensibilizaci\u00f3n para dar continuidad a la asociaci\u00f3n en su labor de apoyo a los enfermos y familiares de Parkinson.<\/span><\/p>\n<p><span style=\"color: #000000;\">La campa\u00f1a se iniciar\u00e1 el 30 de diciembre de 2013 y est\u00e1 abierta a todo el que quiera colaborar. Ay\u00fadales y comparte solidaridad!<\/span><\/p>\n<p><span style=\"color: #000000;\">En la foto, nuestro presidente de la Fundaci\u00f3 Esportiva Grama Antonio Morales interviene para dar todo el apoyo posible y rodeado del alcalde de Calafell, Joan Olivella, la concejala de Deportes, M \u00aa Teresa Gonz\u00e1lez, la presidenta de la asociaci\u00f3n de Parkinson de las Comarcas de Tarragona, Dori Sancho, y el contable, Mario Ruano, entre otras autoridades.<\/span><\/p>\n<p><span style=\"color: #000000;\">Morales intervino como m\u00e1ximo responsable de las instalaciones deportivas Vilarenc Agua de Calafell, lugar donde se ha organizado el evento de car\u00e1cter solidario.<\/span><\/p>\n","protected":false},"excerpt":{"rendered":"<p>L\u2019Associaci\u00f3 de Parkinson de les Comarques de Tarragona i Vilarenc Aqua\u00a0Centre Esportiu inicien una campanya de recaptaci\u00f3 de fons de conscienciaci\u00f3 i sensibilitzaci\u00f3 per donar continuitat a l&#8217;associaci\u00f3 en la seva tasca de suport als malalts i familiars de Parkinson. La campanya s\u2019iniciar\u00e0 el 30 de desembre del 2013 i est\u00e0 oberta a tothom qui [&hellip;]<\/p>\n","protected":false},"author":1,"featured_media":0,"comment_status":"closed","ping_status":"closed","sticky":false,"template":"","format":"standard","meta":{"footnotes":""},"categories":[14],"tags":[23,125,24,126,127],"class_list":["post-601","post","type-post","status-publish","format-standard","hentry","category-noticies","tag-antonio-morales","tag-associacio-de-parkinson-de-les-comarques-de-tarragona","tag-fundacio-esportiva-grama","tag-vilarenc-aqua","tag-vilarenc-aqua-centre-esportiu"],"_links":{"self":[{"href":"http:\/\/fegrama.cat\/web\/wp-json\/wp\/v2\/posts\/601","targetHints":{"allow":["GET"]}}],"collection":[{"href":"http:\/\/fegrama.cat\/web\/wp-json\/wp\/v2\/posts"}],"about":[{"href":"http:\/\/fegrama.cat\/web\/wp-json\/wp\/v2\/types\/post"}],"author":[{"embeddable":true,"href":"http:\/\/fegrama.cat\/web\/wp-json\/wp\/v2\/users\/1"}],"replies":[{"embeddable":true,"href":"http:\/\/fegrama.cat\/web\/wp-json\/wp\/v2\/comments?post=601"}],"version-history":[{"count":3,"href":"http:\/\/fegrama.cat\/web\/wp-json\/wp\/v2\/posts\/601\/revisions"}],"predecessor-version":[{"id":682,"href":"http:\/\/fegrama.cat\/web\/wp-json\/wp\/v2\/posts\/601\/revisions\/682"}],"wp:attachment":[{"href":"http:\/\/fegrama.cat\/web\/wp-json\/wp\/v2\/media?parent=601"}],"wp:term":[{"taxonomy":"category","embeddable":true,"href":"http:\/\/fegrama.cat\/web\/wp-json\/wp\/v2\/categories?post=601"},{"taxonomy":"post_tag","embeddable":true,"href":"http:\/\/fegrama.cat\/web\/wp-json\/wp\/v2\/tags?post=601"}],"curies":[{"name":"wp","href":"https:\/\/api.w.org\/{rel}","templated":true}]}}