{"id":594,"date":"2013-12-16T09:19:54","date_gmt":"2013-12-16T09:19:54","guid":{"rendered":"http:\/\/fegrama.cat\/web\/?p=594"},"modified":"2013-12-17T12:24:30","modified_gmt":"2013-12-17T12:24:30","slug":"el-juvenil-a-de-la-fundacio-a-punt-de-donar-la-sorpresa-davant-el-lider-el-europa-2-3","status":"publish","type":"post","link":"http:\/\/fegrama.cat\/web\/el-juvenil-a-de-la-fundacio-a-punt-de-donar-la-sorpresa-davant-el-lider-el-europa-2-3\/","title":{"rendered":"El Juvenil A de la Fundaci\u00f3 a punt de donar la sorpresa davant el l\u00edder, el Europa, 2-3"},"content":{"rendered":"<p style=\"text-align: justify;\"><span style=\"color: #000000;\">-El <strong>Juvenil A de la Fundaci\u00f3<\/strong> va estar a punt en els minuts finals de donar-li la volta al marcador davant el l\u00edder , el <strong>Europa<\/strong>, 2-3.<br \/>\n<\/span><br \/>\n<span style=\"color: #000000;\">Amb un 0-3 en contra, els dirigits per <strong>Toni Rovira<\/strong> no van desistir en la seva obstinaci\u00f3 de jugar dalt per\u00f2 els gols no van arribar fins a l&#8217;\u00faltim quart d&#8217;hora del partit.<br \/>\n<\/span><br \/>\n<span style=\"color: #000000;\">El doblet de <strong>Godbless Onaiwu<\/strong>, dos gols en tot just sis minuts , van ficar l&#8217;emoci\u00f3 al partit i on a punt de realitzar-se les \u00faltimes ocasions de cara a porteria per donar la sorpresa de la jornada.<br \/>\n<\/span><br \/>\n<span style=\"color: #000000;\">S\u00f3n destacables les dues intervencions del porter <strong>Joseph<\/strong> en el minut 15 i en el 23 despr\u00e9s de dues parades a boca de can\u00f3 que no va poder aturar despr\u00e9s del gol matiner del Europa al minut 11.<br \/>\n<\/span><br \/>\n<span style=\"color: #000000;\">Per\u00f2 \u00e9s que , a m\u00e9s, si el punta de la Fundaci\u00f3, <strong>Jariga Camara<\/strong> , arriba a clavar a la xarxa la seva clara oportunitat en el minut 42, un empat al descans possiblement hagu\u00e9s canviat l&#8217;estrat\u00e8gia de Toni Rovira a la segona part.<br \/>\n<\/span><br \/>\n<span style=\"color: #000000;\">Recordem que l&#8217;Europa continua l\u00edder amb nom\u00e9s una derrota en aquestes dotze jornades, per la tercera dels de la Fundaci\u00f3, que portava una molt bona ratxa amb dos partits guanyats i un empat en els \u00faltims cinc partits que el situa sis\u00e8 i amb millora en el joc i en els resultats a cada partit.<br \/>\n<\/span><br \/>\n<span style=\"color: #000000;\">La seg\u00fcent jornada, la n\u00famero 13, els jugadors de la Fundaci\u00f3 viatjaran al <strong>Municipal Jos\u00e9 Luis Ruiz Casado<\/strong> per disputar el partit davant el Sant Gabriel el dia 21 de desembre des de les 15:30 hores.<\/span><\/p>\n<p><span style=\"color: #000000;\">-El <b>Juvenil A de la Fundaci\u00f3 <\/b>estuvo a punto en los minutos finales de darle la vuelta al marcador ante el l\u00edder, el <b>Europa<\/b>, 2-3.<\/span><\/p>\n<p><span style=\"color: #000000;\">Con un 0-3 en contra, los dirigidos por <b>Toni Rovira<\/b> no cejaron en su empe\u00f1o de jugar arriba pero los goles no llegaron hasta el \u00faltimo cuarto de hora del partido.<\/span><\/p>\n<p><span style=\"color: #000000;\">El doblete de <b>Godbless Onaiwu<\/b>, dos goles en apenas seis minutos, metieron la emoci\u00f3n al encuentro y donde a punto estuvieron de realizarse las \u00faltimas ocasiones de cara a porter\u00eda para dar la sorpresa de la jornada.<\/span><\/p>\n<p><span style=\"color: #000000;\">Son destacables las dos intervenciones del portero <b>Joseph<\/b> en el minuto 15 y en el 23 tras sendas paradas a bocajarro que no pudo detener tras el gol tempranero del Europa en el minuto 11.<\/span><\/p>\n<p><span style=\"color: #000000;\">Pero es que, adem\u00e1s, si el punta de la Fundaci\u00f3, <b>Jariga Camara<\/b>, llega a clavar en la red su clara oportunidad en el minuto 42, un empate al descanso posiblemente hubiera cambiado la estrategia de Toni Rovira en la segunda parte.<\/span><\/p>\n<p><span style=\"color: #000000;\">Recordemos que el Europa contin\u00faa l\u00edder con solo una derrota en estas doce jornadas, por la tercera de los de la Fundaci\u00f3, que llevaba una muy buena racha con dos partidos ganados y un empate en los \u00faltimos cinco encuentros que le sit\u00faa sexto y con mejor\u00eda en el juego y en los resultados a cada partido.<\/span><\/p>\n<p><span style=\"color: #000000;\">La siguiente jornada, la n\u00famero 13, los jugadores de la Fundaci\u00f3 viajar\u00e1n al <b>Municipal Jos\u00e9 Luis Ruiz Casado<\/b> para disputar el partido ante el <b>Sant Gabriel<\/b> el d\u00eda 21 de diciembre desde las 15:30 horas.<\/span><\/p>\n","protected":false},"excerpt":{"rendered":"<p>-El Juvenil A de la Fundaci\u00f3 va estar a punt en els minuts finals de donar-li la volta al marcador davant el l\u00edder , el Europa, 2-3. Amb un 0-3 en contra, els dirigits per Toni Rovira no van desistir en la seva obstinaci\u00f3 de jugar dalt per\u00f2 els gols no van arribar fins a [&hellip;]<\/p>\n","protected":false},"author":1,"featured_media":0,"comment_status":"closed","ping_status":"closed","sticky":false,"template":"","format":"standard","meta":{"footnotes":""},"categories":[4,6],"tags":[117,118,119,120,21],"class_list":["post-594","post","type-post","status-publish","format-standard","hentry","category-base-inclusiu","category-juvenils","tag-europa","tag-juvenil-a-de-la-fundacio","tag-municipal-jose-luis-ruiz-casado","tag-sant-gabriel","tag-santa-coloma"],"_links":{"self":[{"href":"http:\/\/fegrama.cat\/web\/wp-json\/wp\/v2\/posts\/594","targetHints":{"allow":["GET"]}}],"collection":[{"href":"http:\/\/fegrama.cat\/web\/wp-json\/wp\/v2\/posts"}],"about":[{"href":"http:\/\/fegrama.cat\/web\/wp-json\/wp\/v2\/types\/post"}],"author":[{"embeddable":true,"href":"http:\/\/fegrama.cat\/web\/wp-json\/wp\/v2\/users\/1"}],"replies":[{"embeddable":true,"href":"http:\/\/fegrama.cat\/web\/wp-json\/wp\/v2\/comments?post=594"}],"version-history":[{"count":1,"href":"http:\/\/fegrama.cat\/web\/wp-json\/wp\/v2\/posts\/594\/revisions"}],"predecessor-version":[{"id":595,"href":"http:\/\/fegrama.cat\/web\/wp-json\/wp\/v2\/posts\/594\/revisions\/595"}],"wp:attachment":[{"href":"http:\/\/fegrama.cat\/web\/wp-json\/wp\/v2\/media?parent=594"}],"wp:term":[{"taxonomy":"category","embeddable":true,"href":"http:\/\/fegrama.cat\/web\/wp-json\/wp\/v2\/categories?post=594"},{"taxonomy":"post_tag","embeddable":true,"href":"http:\/\/fegrama.cat\/web\/wp-json\/wp\/v2\/tags?post=594"}],"curies":[{"name":"wp","href":"https:\/\/api.w.org\/{rel}","templated":true}]}}