{"id":5110,"date":"2014-09-28T11:04:29","date_gmt":"2014-09-28T09:04:29","guid":{"rendered":"http:\/\/fegrama.cat\/web\/?p=5110"},"modified":"2014-09-28T11:04:29","modified_gmt":"2014-09-28T09:04:29","slug":"resultats-del-cap-de-setmana-27-i-28-de-setembre-dels-equips-fundacio-grama-2","status":"publish","type":"post","link":"http:\/\/fegrama.cat\/web\/resultats-del-cap-de-setmana-27-i-28-de-setembre-dels-equips-fundacio-grama-2\/","title":{"rendered":"Resultats del cap de setmana 27 i 28 de setembre dels equips Fundaci\u00f3 Grama"},"content":{"rendered":"<p>Gran SubCampionat la nostra Escola B i C FEG al Torneig C. D. Arrabal Calaf de Gramanet on despr\u00e8s de guanyar a l&#8217;Almeda d&#8217;Hospitalet als penals (1-1)<br \/>\nTamb\u00e9 fiquem imatges de l&#8217;Alev\u00ed F FEG contra el Terrassa F.C.(nom\u00e9s escalfament), del Cadet C FEG contra el Premi\u00e0, i l&#8217;Escola A FEG contra la Trinitat.<br \/>\nM\u00e9s resultats del cap de setmana:<br \/>\nGranollers 5- Benjam\u00ed D FEG 1<br \/>\nCadet Juvenil Femen\u00ed FEG 1 Penya Blanquiblava 12<br \/>\nRCD Espanyol de Barcelona, SAD 6 Alev\u00ed A FEG 1<br \/>\nPremi\u00e0 de Mar 0 Infantil B FEG 6<br \/>\nInfantil C FEG 17 Sant Joan Desp\u00ed 0<br \/>\nAlev\u00ed Benjam\u00ed Femen\u00ed FEG 1 fontsanta Fatj\u00f3 11<br \/>\nTorneig Arrabal: Arrabal 2 Escola C FEG 0; Escola B FEG 1 Almeda 1 (penals passa FEG)<br \/>\nPrebenjam\u00ed A FEG 2 Nataci\u00f3 Terrassa 2<br \/>\nCentre Esportiu Vilassar A 2 Cadet A FEG 0<br \/>\nAlevi G FEG 5 Bufal&#8217;a 3<br \/>\nCardedeu 0 Infantil D FEG 10<br \/>\nAlev\u00ed F FEG 6 CN Terrassa 2<br \/>\nCN Terrassa 2 Benjam\u00ed C FEG 4<br \/>\nCadet C FEG 3 Premi\u00e0 1<br \/>\nEscola A FEG 11 Trinidad 1<br \/>\nAlev\u00ed B FEG 2 Terrassa 3<br \/>\nVilassar 2 Prebenjam\u00ed B FEG 3<br \/>\nCN TErrassa 0 Prebenjam\u00ed FEG D 9<br \/>\nAlev\u00ed Infantil Femen\u00ed FEG 4 Fontsanta Fatj\u00f3 5<br \/>\nAlev\u00ed C FEG 3 Vilassar 3<br \/>\nBufal\u00e0 4 Benjam\u00ed F FEG 2<br \/>\nEl Juvenil Preferent de Toni Rovira ha perdut a Horta (1-0)<br \/>\nEl Prebenjam\u00ed C FEG ha guanyat al Pedraza 7-5<br \/>\nL&#8217;Alev\u00ed E FEG ha marcat 7 gols al Bufal\u00e0<\/p>\n<figure id=\"attachment_5108\" aria-describedby=\"caption-attachment-5108\" style=\"width: 640px\" class=\"wp-caption aligncenter\"><a href=\"http:\/\/fegrama.cat\/web\/wp-content\/uploads\/2014\/09\/Torneo_Arrabal-Escuela_B_C_@chemacarva289.jpg\"><img loading=\"lazy\" decoding=\"async\" class=\"size-full wp-image-5108\" alt=\"Subcampionat al Torneo_Arrabal-Escuela_B_C Fundaci\u00f3 Grama a Santa Coloma\" src=\"http:\/\/fegrama.cat\/web\/wp-content\/uploads\/2014\/09\/Torneo_Arrabal-Escuela_B_C_@chemacarva289.jpg\" width=\"640\" height=\"480\" \/><\/a><figcaption id=\"caption-attachment-5108\" class=\"wp-caption-text\">Subcampionat al Torneo_Arrabal-Escuela_B_C Fundaci\u00f3 Grama a Santa Coloma<\/figcaption><\/figure>\n<p>Gran subcampeona nuestra Escuela B y C FEG al Torneo CD Arrabal Calaf de Gramanet donde despu\u00e9s de ganar al Almeda de Hospitalet en los penaltis (1-1)<br \/>\nTambi\u00e9n ponemos im\u00e1genes del Alev\u00edn F FEG contra el Terrassa FC (s\u00f3lo calentamiento), del Cadete C FEG contra el Premi\u00e0, y la Escuela A FEG contra la Trinidad.<br \/>\nM\u00e1s resultados del fin de semana:<br \/>\nGranollers 5- Benjam\u00edn D FEG 1<br \/>\nCadete Juvenil Femenino FEG 1 Pe\u00f1a blanquiazul 12<br \/>\nRCD Espanyol de Barcelona, SAD 6 Alev\u00edn A FEG 1<br \/>\nPremi\u00e0 de Mar 0 Infantil B FEG 6<br \/>\nInfantil C FEG 17 Sant Joan Desp\u00ed 0<br \/>\nAlev\u00edn Benjam\u00edn Femenino FEG 1 fontsanta Fatj\u00f3 11<br \/>\nTorneo Arrabal: Arrabal 2 Escuela C FEG 0; Escuela B FEG 1 Almeda 1 (penales pasa FEG)<br \/>\nPrebenjam\u00edn A FEG 2 Nataci\u00f3n Terrassa 2<br \/>\nCentro Deportivo Vilassar A 2 Cadete A FEG 0<br \/>\nAlevin G FEG 5 Bufal&#8217;a 3<br \/>\nCardedeu 0 Infantil D FEG 10<br \/>\nAlev\u00edn F FEG 6 CN Terrassa 2<br \/>\nCN Terrassa 2 Benjam\u00edn C FEG 4<br \/>\nCadete C FEG 3 Premi\u00e0 1<br \/>\nEscuela A FEG 11 Trinidad 1<br \/>\nAlev\u00edn B FEG 2 Terraza 3<br \/>\nVilassar 2 Prebenjam\u00edn B FEG 3<br \/>\nCN Terrassa 0 Prebenjam\u00edn FEG D 9<br \/>\nAlev\u00edn Infantil Femenino FEG 4 Fontsanta Fatj\u00f3 5<br \/>\nAlev\u00edn C FEG 3 Vilassar 3<br \/>\nBufal\u00e0 4 Benjam\u00edn F FEG 2<br \/>\nEl Juvenil Preferente de Toni Rovira ha perdido en Horta (1-0)<br \/>\nEl Prebenjam\u00edn C FEG ha ganado el Pedraza 7-5<br \/>\nEl Alev\u00edn E FEG ha marcado 7 goles en Bufal\u00e0<\/p>\n","protected":false},"excerpt":{"rendered":"<p>Gran SubCampionat la nostra Escola B i C FEG al Torneig C. D. Arrabal Calaf de Gramanet on despr\u00e8s de guanyar a l&#8217;Almeda d&#8217;Hospitalet als penals (1-1) Tamb\u00e9 fiquem imatges de l&#8217;Alev\u00ed F FEG contra el Terrassa F.C.(nom\u00e9s escalfament), del Cadet C FEG contra el Premi\u00e0, i l&#8217;Escola A FEG contra la Trinitat. M\u00e9s resultats [&hellip;]<\/p>\n","protected":false},"author":1,"featured_media":5107,"comment_status":"closed","ping_status":"closed","sticky":false,"template":"","format":"standard","meta":{"footnotes":""},"categories":[14],"tags":[24,21],"class_list":["post-5110","post","type-post","status-publish","format-standard","has-post-thumbnail","hentry","category-noticies","tag-fundacio-esportiva-grama","tag-santa-coloma"],"_links":{"self":[{"href":"http:\/\/fegrama.cat\/web\/wp-json\/wp\/v2\/posts\/5110","targetHints":{"allow":["GET"]}}],"collection":[{"href":"http:\/\/fegrama.cat\/web\/wp-json\/wp\/v2\/posts"}],"about":[{"href":"http:\/\/fegrama.cat\/web\/wp-json\/wp\/v2\/types\/post"}],"author":[{"embeddable":true,"href":"http:\/\/fegrama.cat\/web\/wp-json\/wp\/v2\/users\/1"}],"replies":[{"embeddable":true,"href":"http:\/\/fegrama.cat\/web\/wp-json\/wp\/v2\/comments?post=5110"}],"version-history":[{"count":1,"href":"http:\/\/fegrama.cat\/web\/wp-json\/wp\/v2\/posts\/5110\/revisions"}],"predecessor-version":[{"id":5111,"href":"http:\/\/fegrama.cat\/web\/wp-json\/wp\/v2\/posts\/5110\/revisions\/5111"}],"wp:featuredmedia":[{"embeddable":true,"href":"http:\/\/fegrama.cat\/web\/wp-json\/wp\/v2\/media\/5107"}],"wp:attachment":[{"href":"http:\/\/fegrama.cat\/web\/wp-json\/wp\/v2\/media?parent=5110"}],"wp:term":[{"taxonomy":"category","embeddable":true,"href":"http:\/\/fegrama.cat\/web\/wp-json\/wp\/v2\/categories?post=5110"},{"taxonomy":"post_tag","embeddable":true,"href":"http:\/\/fegrama.cat\/web\/wp-json\/wp\/v2\/tags?post=5110"}],"curies":[{"name":"wp","href":"https:\/\/api.w.org\/{rel}","templated":true}]}}