{"id":5067,"date":"2014-09-22T12:40:38","date_gmt":"2014-09-22T10:40:38","guid":{"rendered":"http:\/\/fegrama.cat\/web\/?p=5067"},"modified":"2014-09-25T18:04:51","modified_gmt":"2014-09-25T16:04:51","slug":"lalevi-preferent-fegrama-es-deixa-sorprendre-pel-sant-cugat-0-3-2","status":"publish","type":"post","link":"http:\/\/fegrama.cat\/web\/lalevi-preferent-fegrama-es-deixa-sorprendre-pel-sant-cugat-0-3-2\/","title":{"rendered":"L&#8217;Alev\u00ed Preferent FEGrama es deixa sorprendre pel Sant Cugat (0-3)"},"content":{"rendered":"<p style=\"text-align: justify;\"><span style=\"color: #000000;\">L&#8217;Alev\u00ed Preferent de la Fundaci\u00f3 Grama ha patit una derrota en el debut de Lliga davant el Sant Cugat. El resultat de 0-3 per a l&#8217;equip del Vall\u00e8s Occidental \u00e9s massa volumin\u00f3s\u00a0pel qu\u00e8\u00a0s&#8217;ha vist al Nou Municipal de Santa Coloma on el conjunt de Christian Rueda acompanyat per\u00a0Victor\u00a0Salas\u00a0i\u00a0Juan\u00a0S\u00e1nchez va donar la cara en tot moment i nom\u00e9s va faltar materialitzar les finalitzacions de cara a porteria. Cosa que\u00a0s\u00ed que\u00a0va concretar el Sant Cugat en unes contres que van saber transformar el conjunt de Santa Coloma.<\/span><\/p>\n<figure id=\"attachment_5059\" aria-describedby=\"caption-attachment-5059\" style=\"width: 699px\" class=\"wp-caption aligncenter\"><a href=\"http:\/\/fegrama.cat\/web\/wp-content\/uploads\/2014\/09\/areateCHEMACARVA1.jpg\"><img loading=\"lazy\" decoding=\"async\" class=\"size-full wp-image-5059\" alt=\"El Alev\u00edn Preferente de la Fundaci\u00f3 Grama dio buenas muestras ante Sant Cugat en Santa Coloma\" src=\"http:\/\/fegrama.cat\/web\/wp-content\/uploads\/2014\/09\/areateCHEMACARVA1.jpg\" width=\"699\" height=\"575\" \/><\/a><figcaption id=\"caption-attachment-5059\" class=\"wp-caption-text\">El Alev\u00edn Preferente de la Fundaci\u00f3 Grama dio buenas muestras ante Sant Cugat en Santa Coloma<\/figcaption><\/figure>\n<p><span style=\"color: #000000;\">Ara toca pensar en la seg\u00fcent jornada on toca visitar un hist\u00f2ric com el\u00a0RCDEspanyol\u00a0a la Ciutat Esportiva de Sant Adri\u00e0 (va empatar a casa d&#8217;un altre cl\u00e0ssic, el Sant Gabriel per 2-2) el\u00a0dissabte vinent\u00a027 de setembre des de les 17 hores.<\/span><\/p>\n<figure id=\"attachment_5061\" aria-describedby=\"caption-attachment-5061\" style=\"width: 761px\" class=\"wp-caption aligncenter\"><a href=\"http:\/\/fegrama.cat\/web\/wp-content\/uploads\/2014\/09\/af.jpg\"><img loading=\"lazy\" decoding=\"async\" class=\"size-full wp-image-5061\" alt=\"Ficha del Alev\u00edn Preferente de la Fundaci\u00f3 Grama dio buenas muestras ante Sant Cugat en Santa ColomaFicha del Alev\u00edn Preferente de la Fundaci\u00f3 Grama dio buenas muestras ante Sant Cugat en Santa Coloma\" src=\"http:\/\/fegrama.cat\/web\/wp-content\/uploads\/2014\/09\/af.jpg\" width=\"761\" height=\"704\" \/><\/a><figcaption id=\"caption-attachment-5061\" class=\"wp-caption-text\">Ficha del Alev\u00edn Preferente de la Fundaci\u00f3 Grama dio buenas muestras ante Sant Cugat en Santa Coloma<\/figcaption><\/figure>\n<p>&nbsp;<\/p>\n<figure id=\"attachment_5063\" aria-describedby=\"caption-attachment-5063\" style=\"width: 761px\" class=\"wp-caption aligncenter\"><a href=\"http:\/\/fegrama.cat\/web\/wp-content\/uploads\/2014\/09\/af1.jpg\"><img loading=\"lazy\" decoding=\"async\" class=\"size-full wp-image-5063\" alt=\"Clasificaci\u00f3n del Alev\u00edn Preferente de la Fundaci\u00f3 Grama dio buenas muestras ante Sant Cugat en Santa Coloma\" src=\"http:\/\/fegrama.cat\/web\/wp-content\/uploads\/2014\/09\/af1.jpg\" width=\"761\" height=\"704\" \/><\/a><figcaption id=\"caption-attachment-5063\" class=\"wp-caption-text\">Clasificaci\u00f3n del Alev\u00edn Preferente de la Fundaci\u00f3 Grama dio buenas muestras ante Sant Cugat en Santa Coloma<\/figcaption><\/figure>\n<p>[divider]<\/p>\n<p>[button color=\u00bbblue\u00bb size=\u00bbsmall\u00bb link=\u00bbhttp:\/\/www.fcf.cat\/pnfg\/NPcd\/NFG_CmpJornada?cod_primaria=1000120&amp;CodCompeticion=19628987&amp;CodGrupo=19654263&amp;CodTemporada=10&amp;CodJornada=2&amp;Sch_Codigo_Delegacion=&amp;Sch_Tipo_Juego=\u00bb target=\u00bbblank\u00bb ]Resultats[\/button]<\/p>\n<p>[button color=\u00bbblue\u00bb size=\u00bbsmall\u00bb link=\u00bbhttp:\/\/www.fcf.cat\/pnfg\/NPcd\/NFG_VisClasificacion?cod_primaria=1000120&amp;codgrupo=18492801&amp;codcompeticion=18473304&#8243; target=\u00bbblank\u00bb ]Classificaci\u00f3[\/button]<\/p>\n<p style=\"text-align: justify;\"><span style=\"color: #000000;\">El Alev\u00edn Preferente de la Fundaci\u00f3 Grama ha sufrido una derrota en el debut liguero ante el Sant Cugat. El resultado de 0-3 para el equipo del Vall\u00e9s Occidental es demasiado abultado para lo visto en el Nou Municipal de Santa Coloma donde el conjunto de Christian Rueda acompa\u00f1ado por Victor Salas y Juan S\u00e1nchez dio la cara en todo momento y solo falt\u00f3 materializar las finalizaciones de cara a porter\u00eda. Cosa que s\u00ed concret\u00f3 el Sant Cugat en unas contras que supieron transformar al conjunto de Santa Coloma.<\/span><\/p>\n<p style=\"text-align: justify;\"><span style=\"color: #000000;\">Ahora toca pensar en la siguiente jornada donde toca visitar un hist\u00f3rico como el R.C.D.Espanyol en la Ciutat Esportiva de Sant Adri\u00e0 (empat\u00f3 en casa de otro cl\u00e1sico, el Sant Gabriel por 2-2) el pr\u00f3ximo s\u00e1bado 27 de septiembre desde las 17 horas.<\/span><\/p>\n<p style=\"text-align: justify;\">Text i fotos: @ChemaCarva<\/p>\n","protected":false},"excerpt":{"rendered":"<p>L&#8217;Alev\u00ed Preferent de la Fundaci\u00f3 Grama ha patit una derrota en el debut de Lliga davant el Sant Cugat. El resultat de 0-3 per a l&#8217;equip del Vall\u00e8s Occidental \u00e9s massa volumin\u00f3s\u00a0pel qu\u00e8\u00a0s&#8217;ha vist al Nou Municipal de Santa Coloma on el conjunt de Christian Rueda acompanyat per\u00a0Victor\u00a0Salas\u00a0i\u00a0Juan\u00a0S\u00e1nchez va donar la cara en tot moment [&hellip;]<\/p>\n","protected":false},"author":1,"featured_media":0,"comment_status":"closed","ping_status":"closed","sticky":false,"template":"","format":"standard","meta":{"footnotes":""},"categories":[14],"tags":[20,27,21],"class_list":["post-5067","post","type-post","status-publish","format-standard","hentry","category-noticies","tag-fundacio-grama","tag-nou-municipal","tag-santa-coloma"],"_links":{"self":[{"href":"http:\/\/fegrama.cat\/web\/wp-json\/wp\/v2\/posts\/5067","targetHints":{"allow":["GET"]}}],"collection":[{"href":"http:\/\/fegrama.cat\/web\/wp-json\/wp\/v2\/posts"}],"about":[{"href":"http:\/\/fegrama.cat\/web\/wp-json\/wp\/v2\/types\/post"}],"author":[{"embeddable":true,"href":"http:\/\/fegrama.cat\/web\/wp-json\/wp\/v2\/users\/1"}],"replies":[{"embeddable":true,"href":"http:\/\/fegrama.cat\/web\/wp-json\/wp\/v2\/comments?post=5067"}],"version-history":[{"count":2,"href":"http:\/\/fegrama.cat\/web\/wp-json\/wp\/v2\/posts\/5067\/revisions"}],"predecessor-version":[{"id":5083,"href":"http:\/\/fegrama.cat\/web\/wp-json\/wp\/v2\/posts\/5067\/revisions\/5083"}],"wp:attachment":[{"href":"http:\/\/fegrama.cat\/web\/wp-json\/wp\/v2\/media?parent=5067"}],"wp:term":[{"taxonomy":"category","embeddable":true,"href":"http:\/\/fegrama.cat\/web\/wp-json\/wp\/v2\/categories?post=5067"},{"taxonomy":"post_tag","embeddable":true,"href":"http:\/\/fegrama.cat\/web\/wp-json\/wp\/v2\/tags?post=5067"}],"curies":[{"name":"wp","href":"https:\/\/api.w.org\/{rel}","templated":true}]}}