{"id":500,"date":"2013-12-16T07:46:48","date_gmt":"2013-12-16T07:46:48","guid":{"rendered":"http:\/\/fegrama.cat\/web\/?p=500"},"modified":"2013-12-17T07:48:13","modified_gmt":"2013-12-17T07:48:13","slug":"empat-valuos-del-quarta-catalana-davant-lescola-barbera-per-1-1","status":"publish","type":"post","link":"http:\/\/fegrama.cat\/web\/empat-valuos-del-quarta-catalana-davant-lescola-barbera-per-1-1\/","title":{"rendered":"Empat valu\u00f3s del Quarta Catalana davant l&#8217;Escola Barber\u00e0 per 1-1"},"content":{"rendered":"<p style=\"text-align: justify;\"><span style=\"color: #000000;\">El primer equip de la <strong>Fundaci\u00f3 Esportiva Grama, el Quarta Catalana<\/strong>, ha aconseguit un valu\u00f3s empat davant un rival directe com \u00e9s l&#8217;\u00a0<strong>Escola Barber\u00e0<\/strong>, qui est\u00e0 dos punts per sobre dels de <strong>Santa Coloma<\/strong>.<br \/>\n<\/span><br \/>\n<span style=\"color: #000000;\">Els entrenats per <strong>Jordi Herv\u00e1s<\/strong>, aconsegueixen amb aquesta suma d&#8217;un punt tornar a puntuar despr\u00e9s de la derrota de la jornada passada davant el tercer classificat, el <strong>Mirasol<\/strong>.<br \/>\n<\/span><br \/>\n<span style=\"color: #000000;\">L&#8217;empat a zero de la primera part es va trencar amb un gol en contra als cinc minuts de la represa. La gran reacci\u00f3 dels d&#8217;Herv\u00e1s, mitjan\u00e7ant un gol d&#8217;<strong>Alberto L\u00f3pez<\/strong> nou minuts despr\u00e9s, donaria el resultat final al <strong>Nou Municipal<\/strong>.<br \/>\n<\/span><br \/>\n<span style=\"color: #000000;\">D&#8217;aquesta manera, els jugadors de la Fundaci\u00f3 segueixen en la meitat de la taula a molt pocs punts d&#8217;aconseguir ficar-se en el grup que lidera la categoria.<br \/>\n<\/span><br \/>\n<span style=\"color: #000000;\">Per a aix\u00f2, la jornada 13 viatjaran a una espl\u00e8ndida ocasi\u00f3 de sumar al camp del <strong>Col.legi La Salle Bonanova<\/strong>, cuer amb un sol punt, el dia 21 de desembre des de les 18:30 hores.<\/span><\/p>\n<p style=\"text-align: justify;\"><span style=\"color: #000000;\">-El primer equipo de la <strong>Fundaci\u00f3 Esportiva Grama, el Quarta Catalana<\/strong>, ha conseguido un valioso empate ante un rival directo como es el <strong>Escola Barber\u00e0<\/strong>, quien est\u00e1 dos puntos por encima de los de Santa Coloma.<br \/>\n<\/span><br \/>\n<span style=\"color: #000000;\"> Los entrenados por Jordi Herv\u00e1s, consiguen con esta suma de un punto volver a puntuar tras la derrota de la jornada pasada ante el tercer clasificado, el Mirasol.<br \/>\n<\/span><br \/>\n<span style=\"color: #000000;\"> El empate a cero de la primera parte se rompi\u00f3 con un gol en contra a los cinco minutos de la reanudaci\u00f3n. La gran reacci\u00f3n de los de Herv\u00e1s, mediante un gol de Alberto L\u00f3pez nueve minutos despu\u00e9s, dar\u00eda el resultado final en el Nou Municipal.<br \/>\n<\/span><br \/>\n<span style=\"color: #000000;\"> De esta manera, los jugadores de la Fundaci\u00f3 siguen en la mitad de la tabla a muy pocos puntos de lograr meterse en el grupo que lidera la categor\u00eda.<br \/>\n<\/span><br \/>\n<span style=\"color: #000000;\"> Para ello, la jornada 13 viajar\u00e1n en una espl\u00e9ndida ocasi\u00f3n de sumar al campo del Col.legi La Salle Bonanova, colista con un solo punto, el d\u00eda 21 de diciembre desde las 18:30 horas.<\/span><\/p>\n","protected":false},"excerpt":{"rendered":"<p>El primer equip de la Fundaci\u00f3 Esportiva Grama, el Quarta Catalana, ha aconseguit un valu\u00f3s empat davant un rival directe com \u00e9s l&#8217;\u00a0Escola Barber\u00e0, qui est\u00e0 dos punts per sobre dels de Santa Coloma. Els entrenats per Jordi Herv\u00e1s, aconsegueixen amb aquesta suma d&#8217;un punt tornar a puntuar despr\u00e9s de la derrota de la jornada [&hellip;]<\/p>\n","protected":false},"author":1,"featured_media":0,"comment_status":"closed","ping_status":"closed","sticky":false,"template":"","format":"standard","meta":{"footnotes":""},"categories":[4,5],"tags":[76,75,24,27,36],"class_list":["post-500","post","type-post","status-publish","format-standard","hentry","category-base-inclusiu","category-primer-equip","tag-col-legi-la-salle-bonanova","tag-escola-barbera","tag-fundacio-esportiva-grama","tag-nou-municipal","tag-quarta-catalana"],"_links":{"self":[{"href":"http:\/\/fegrama.cat\/web\/wp-json\/wp\/v2\/posts\/500","targetHints":{"allow":["GET"]}}],"collection":[{"href":"http:\/\/fegrama.cat\/web\/wp-json\/wp\/v2\/posts"}],"about":[{"href":"http:\/\/fegrama.cat\/web\/wp-json\/wp\/v2\/types\/post"}],"author":[{"embeddable":true,"href":"http:\/\/fegrama.cat\/web\/wp-json\/wp\/v2\/users\/1"}],"replies":[{"embeddable":true,"href":"http:\/\/fegrama.cat\/web\/wp-json\/wp\/v2\/comments?post=500"}],"version-history":[{"count":4,"href":"http:\/\/fegrama.cat\/web\/wp-json\/wp\/v2\/posts\/500\/revisions"}],"predecessor-version":[{"id":503,"href":"http:\/\/fegrama.cat\/web\/wp-json\/wp\/v2\/posts\/500\/revisions\/503"}],"wp:attachment":[{"href":"http:\/\/fegrama.cat\/web\/wp-json\/wp\/v2\/media?parent=500"}],"wp:term":[{"taxonomy":"category","embeddable":true,"href":"http:\/\/fegrama.cat\/web\/wp-json\/wp\/v2\/categories?post=500"},{"taxonomy":"post_tag","embeddable":true,"href":"http:\/\/fegrama.cat\/web\/wp-json\/wp\/v2\/tags?post=500"}],"curies":[{"name":"wp","href":"https:\/\/api.w.org\/{rel}","templated":true}]}}