{"id":4859,"date":"2014-07-04T12:45:46","date_gmt":"2014-07-04T10:45:46","guid":{"rendered":"http:\/\/fegrama.cat\/web\/?p=4859"},"modified":"2014-07-28T20:06:12","modified_gmt":"2014-07-28T18:06:12","slug":"arrenca-amb-molta-il-lusio-el-primer-campus-de-la-fundacio-grama","status":"publish","type":"post","link":"http:\/\/fegrama.cat\/web\/arrenca-amb-molta-il-lusio-el-primer-campus-de-la-fundacio-grama\/","title":{"rendered":"Arrenca amb molta il.lusi\u00f3 el primer Campus de la Fundaci\u00f3 Grama"},"content":{"rendered":"<p style=\"text-align: justify;\"><span style=\"color: #000000;\">Aquesta primera setmana de juliol estem amb molta alegria per\u00a0l&#8217;estrena\u00a0del nostre primer Campus de la Fundaci\u00f3 Esportiva Grama (FEG). Volem compartir amb tots vosaltres la\u00a0il\u00b7lusi\u00f3\u00a0dels nens i nenes que\u00a0gaudesquen\u00a0del futbol, fent nous amics i aprenent constantment i\u00a0incl\u00f2s\u00a0practicant altres esports i activitats en les quatre setmanes que tenen de duraci\u00f3.<\/span><\/p>\n<p><span style=\"color: #000000;\">Formaci\u00f3 continua, especificaci\u00f3 i diversi\u00f3 s\u00f3n i seran les nostres metes a aquest primer i goj\u00f3s Campus de futbol de la\u00a0FEG\u00a0on el nen o la nena s\u00f3n la nostra gran preocupaci\u00f3, per la seva salut i la seva\u00a0actitud\u00a0de cara a l&#8217;esport i a la seva vida.<\/span><br \/>\n<span style=\"color: #000000;\">Per qu\u00e8 som fundaci\u00f3 sense \u00e0nim de lucre, pels nostres nens i nenes, de Santa Coloma. Som la Fundaci\u00f3 Esportiva Grama!!!<\/span><\/p>\n<p><span style=\"color: #000000;\">Gr\u00e0cies!!!<a href=\"http:\/\/fegrama.cat\/web\/wp-content\/uploads\/2014\/07\/campus1.jpg\"><img loading=\"lazy\" decoding=\"async\" class=\"aligncenter size-full wp-image-4863\" alt=\"campus1\" src=\"http:\/\/fegrama.cat\/web\/wp-content\/uploads\/2014\/07\/campus1.jpg\" width=\"837\" height=\"837\" \/><\/a> <a href=\"http:\/\/fegrama.cat\/web\/wp-content\/uploads\/2014\/07\/campus11.jpg\"><img loading=\"lazy\" decoding=\"async\" class=\"aligncenter size-full wp-image-4864\" alt=\"campus11\" src=\"http:\/\/fegrama.cat\/web\/wp-content\/uploads\/2014\/07\/campus11.jpg\" width=\"837\" height=\"837\" \/><\/a> <a href=\"http:\/\/fegrama.cat\/web\/wp-content\/uploads\/2014\/07\/campus111.jpg\"><img loading=\"lazy\" decoding=\"async\" class=\"aligncenter size-full wp-image-4865\" alt=\"campus111\" src=\"http:\/\/fegrama.cat\/web\/wp-content\/uploads\/2014\/07\/campus111.jpg\" width=\"837\" height=\"837\" \/><a href=\"http:\/\/fegrama.cat\/web\/wp-content\/uploads\/2014\/05\/campus-feg-desc+1.jpg\"><img loading=\"lazy\" decoding=\"async\" class=\"aligncenter size-full wp-image-4813\" alt=\"campus feg desc+\" src=\"http:\/\/fegrama.cat\/web\/wp-content\/uploads\/2014\/05\/campus-feg-desc+1.jpg\" width=\"756\" height=\"378\" \/><\/a><\/a><\/span><\/p>\n<p style=\"text-align: justify;\"><span style=\"color: #000000;\">Esta primera semana de julio estamos con mucha alegr\u00eda por el estreno de nuestro primer Campus de la Fundaci\u00f3 Esportiva Grama\u00a0(*FEG). Queremos compartir con todos vosotras la ilusi\u00f3n de los ni\u00f1os y ni\u00f1as que disfruten del f\u00fatbol, haciendo nuevos amigos y aprendiendo constantemente e incluido practicando otros deportes y actividades en las cuatro semanas que tienen de duraci\u00f3n.<\/span><\/p>\n<p><span style=\"color: #000000;\">Formaci\u00f3n contin\u00faa, especificaci\u00f3n y diversi\u00f3n son y ser\u00e1n nuestras metas a este primero y gozoso Campus de f\u00fatbol de la *FEG donde el ni\u00f1o o la ni\u00f1a son nuestra gran preocupaci\u00f3n, por su salud y su actitud de cara al deporte y a su vida.<\/span><br \/>\n<span style=\"color: #000000;\">Por qu\u00e9 somos fundaci\u00f3n sin \u00e1nimo de lucro, por nuestros ni\u00f1os y ni\u00f1as, de Santa Coloma de Gramenet. <\/span><\/p>\n<p style=\"text-align: justify;\"><span style=\"color: #000000;\">\u00a1\u00a1\u00a1Somos la Fundaci\u00f3 Esportiva Grama!!!<\/span><\/p>\n<p><span style=\"color: #000000;\">\u00a1\u00a1\u00a1Gracias!!!<\/span><\/p>\n","protected":false},"excerpt":{"rendered":"<p>Aquesta primera setmana de juliol estem amb molta alegria per\u00a0l&#8217;estrena\u00a0del nostre primer Campus de la Fundaci\u00f3 Esportiva Grama (FEG). Volem compartir amb tots vosaltres la\u00a0il\u00b7lusi\u00f3\u00a0dels nens i nenes que\u00a0gaudesquen\u00a0del futbol, fent nous amics i aprenent constantment i\u00a0incl\u00f2s\u00a0practicant altres esports i activitats en les quatre setmanes que tenen de duraci\u00f3. Formaci\u00f3 continua, especificaci\u00f3 i diversi\u00f3 s\u00f3n [&hellip;]<\/p>\n","protected":false},"author":1,"featured_media":0,"comment_status":"closed","ping_status":"closed","sticky":false,"template":"","format":"standard","meta":{"footnotes":""},"categories":[1],"tags":[],"class_list":["post-4859","post","type-post","status-publish","format-standard","hentry","category-uncategorized"],"_links":{"self":[{"href":"http:\/\/fegrama.cat\/web\/wp-json\/wp\/v2\/posts\/4859","targetHints":{"allow":["GET"]}}],"collection":[{"href":"http:\/\/fegrama.cat\/web\/wp-json\/wp\/v2\/posts"}],"about":[{"href":"http:\/\/fegrama.cat\/web\/wp-json\/wp\/v2\/types\/post"}],"author":[{"embeddable":true,"href":"http:\/\/fegrama.cat\/web\/wp-json\/wp\/v2\/users\/1"}],"replies":[{"embeddable":true,"href":"http:\/\/fegrama.cat\/web\/wp-json\/wp\/v2\/comments?post=4859"}],"version-history":[{"count":4,"href":"http:\/\/fegrama.cat\/web\/wp-json\/wp\/v2\/posts\/4859\/revisions"}],"predecessor-version":[{"id":4874,"href":"http:\/\/fegrama.cat\/web\/wp-json\/wp\/v2\/posts\/4859\/revisions\/4874"}],"wp:attachment":[{"href":"http:\/\/fegrama.cat\/web\/wp-json\/wp\/v2\/media?parent=4859"}],"wp:term":[{"taxonomy":"category","embeddable":true,"href":"http:\/\/fegrama.cat\/web\/wp-json\/wp\/v2\/categories?post=4859"},{"taxonomy":"post_tag","embeddable":true,"href":"http:\/\/fegrama.cat\/web\/wp-json\/wp\/v2\/tags?post=4859"}],"curies":[{"name":"wp","href":"https:\/\/api.w.org\/{rel}","templated":true}]}}