{"id":4856,"date":"2014-07-04T12:28:39","date_gmt":"2014-07-04T10:28:39","guid":{"rendered":"http:\/\/fegrama.cat\/web\/?p=4856"},"modified":"2014-07-04T17:51:37","modified_gmt":"2014-07-04T15:51:37","slug":"un-acord-de-la-feg-fara-que-el-ceeuropa-disputi-la-pretemporada-i-fins-als-tres-primers-partits-de-lliga-al-nou-municipal","status":"publish","type":"post","link":"http:\/\/fegrama.cat\/web\/un-acord-de-la-feg-fara-que-el-ceeuropa-disputi-la-pretemporada-i-fins-als-tres-primers-partits-de-lliga-al-nou-municipal\/","title":{"rendered":"Un acord de la F.E.G. far\u00e0 que el C.E.Europa disputi la pretemporada i fins als tres primers partits de lliga al Nou Municipal"},"content":{"rendered":"<p style=\"text-align: justify;\"><span style=\"color: #000000;\">El CE Europa i la Fundaci\u00f3 Esportiva Grama han arribat a un acord per l&#8217;\u00fas de les instal\u00b7lacions del Nou Camp Municipal de Futbol de Santa Coloma durant les setmanes establertes amb el conjunt gracienc.<\/span><\/p>\n<p><span style=\"color: #000000;\">Conjunt de Barcelona que juga a Tercera Divisi\u00f3 i que es veu obligat a exiliar-se de Gr\u00e0cia per les reformes al terra del Nou Sardenya i sostre del p\u00e0rquing.<\/span><\/p>\n<p><span style=\"color: #000000;\">A partir del 28 de juliol, data d&#8217;inici d&#8217;obres, l&#8217;Europa far\u00e0 la pretemporada a Can Peixauet i del 24 d&#8217;agost fins al 14 de setembre l&#8217;estadi de Santa Coloma de Gramenet acollir\u00e0 els partits de lliga de Tercera Divisi\u00f3 de l&#8217;Europa quan hagi d&#8217;exercir de local amb un m\u00e0xim de tres partits oficials.<\/span><\/p>\n<p><span style=\"color: #000000;\">Segons la directiva del CEEuropa a la seva p\u00e0gina web \u00abel Nou Camp Municipal de Futbol de Santa Coloma reuneix les caracter\u00edstiques que, esportiva i institucionalment, requeria l&#8217;Europa (recinte amb bon aforament i accessos, tot cadires en el seu per\u00edmetre de graderia, bones dimensions del terreny de joc, gespa artificial renovada&#8230;) i que, a m\u00e9s, ha comptat amb una gran disposici\u00f3 de la directiva de la Fundaci\u00f3 Esportiva Grama, actual gestora del recinte, per tal de facilitar aquestes gestions i necessitats del club. El CE Europa vol fer arribar tamb\u00e9 el seu agra\u00efment a l&#8217;entitat colomenca mitjan\u00e7ant aquestes l\u00ednies\u00bb.<\/span><\/p>\n<p><span style=\"color: #000000;\">Des de la Fundaci\u00f3 Esportiva Grama volem fer const\u00e0ncia que el CCEuropa assumir\u00e0 els costos que pagar\u00e0 a l&#8217;Institut Municipal d&#8217;Esports de Santa Coloma per l&#8217;\u00fas de les instal\u00b7lacions esportives del Nou Municipal com marquen les ordenances municipals d&#8217;on traiem aquest extracte: \u00abL&#8217;\u00fas de les instal\u00b7lacions i espais esportius estan subjectes a l&#8217;aplicaci\u00f3 de l&#8217;ordenan\u00e7a n\u00famero 2 reguladora dels preus p\u00fablics per la prestaci\u00f3 dels serveis i activitats de l&#8217;Institut Municipal d&#8217;Esports\u00bb.<\/span><\/p>\n<p><span style=\"color: #000000;\">El CE Europa y la Fundaci\u00f3 Esportiva Grama han llegado a un acuerdo por el uso de las instalaciones del Nuevo Campo Municipal de F\u00fatbol de Santa Paloma durante las semanas establecidas con el conjunto del barrio de Gr\u00e0cia.<\/span><\/p>\n<p><span style=\"color: #000000;\">Conjunto de Barcelona que se ve obligado a exiliarse de Gr\u00e0cia por las reformas en el tierra del Nou Sardenya y techo del parking.<\/span><\/p>\n<p><span style=\"color: #000000;\">A partir del 28 de julio, fecha de inicio de obras, la Europa har\u00e1 la pretemporada a *Can *Peixauet y del 24 de agosto hasta el 14 de septiembre el estadio de Santa Coloma de Gramenet acoger\u00e1 los partidos ligueros de Tercera Divisi\u00f3n de la Europa cuando tenga que ejercer de local con un m\u00e1ximo de tres partidos oficiales.<\/span><\/p>\n<p><span style=\"color: #000000;\">Seg\u00fan la directiva del *CEEuropa en su p\u00e1gina web \u00abel Nuevo Campo Municipal de F\u00fatbol de Santa Coloma re\u00fane las caracter\u00edsticas que, deportiva e institucionalmente, requer\u00eda la Europa (recinto con buen aforo y accesos, todo sillas en su per\u00edmetro de grada, buenas dimensiones del terreno de juego, c\u00e9sped artificial renovado&#8230;) y que, adem\u00e1s, ha contado con una gran disposici\u00f3n de la directiva de la Fundaci\u00f3n Deportiva *Grama, actual gestora del recinto, para facilitar estas gestiones y necesidades del club. El CE Europa quiere hacer llegar tambi\u00e9n su agradecimiento a la entidad *colomenca mediante estas l\u00edneas\u00bb.<\/span><\/p>\n<p><span style=\"color: #000000;\">Desde la Fundaci\u00f3 Esportiva *Grama queremos hacer constancia que el *CCEuropa asumir\u00e1 los costes que pagar\u00e1 al Instituto Municipal de Deportes de Santa Coloma por el uso de las instalaciones deportivas del Nuevo Municipal c\u00f3mo marcan las ordenanzas municipales de donde sacamos este extracto: \u00abEl uso de las instalaciones y espacios deportivos est\u00e1n sujetos a la aplicaci\u00f3n del ordenanza n\u00famero 2 reguladora de los precios p\u00fablicos por la prestaci\u00f3n de los servicios y actividades del Instituto Municipal de Deportes\u00bb.<\/span><\/p>\n","protected":false},"excerpt":{"rendered":"<p>El CE Europa i la Fundaci\u00f3 Esportiva Grama han arribat a un acord per l&#8217;\u00fas de les instal\u00b7lacions del Nou Camp Municipal de Futbol de Santa Coloma durant les setmanes establertes amb el conjunt gracienc. Conjunt de Barcelona que juga a Tercera Divisi\u00f3 i que es veu obligat a exiliar-se de Gr\u00e0cia per les reformes [&hellip;]<\/p>\n","protected":false},"author":1,"featured_media":0,"comment_status":"closed","ping_status":"closed","sticky":false,"template":"","format":"standard","meta":{"footnotes":""},"categories":[14],"tags":[701,497],"class_list":["post-4856","post","type-post","status-publish","format-standard","hentry","category-noticies","tag-ce-europa","tag-tercera-divisio"],"_links":{"self":[{"href":"http:\/\/fegrama.cat\/web\/wp-json\/wp\/v2\/posts\/4856","targetHints":{"allow":["GET"]}}],"collection":[{"href":"http:\/\/fegrama.cat\/web\/wp-json\/wp\/v2\/posts"}],"about":[{"href":"http:\/\/fegrama.cat\/web\/wp-json\/wp\/v2\/types\/post"}],"author":[{"embeddable":true,"href":"http:\/\/fegrama.cat\/web\/wp-json\/wp\/v2\/users\/1"}],"replies":[{"embeddable":true,"href":"http:\/\/fegrama.cat\/web\/wp-json\/wp\/v2\/comments?post=4856"}],"version-history":[{"count":3,"href":"http:\/\/fegrama.cat\/web\/wp-json\/wp\/v2\/posts\/4856\/revisions"}],"predecessor-version":[{"id":4875,"href":"http:\/\/fegrama.cat\/web\/wp-json\/wp\/v2\/posts\/4856\/revisions\/4875"}],"wp:attachment":[{"href":"http:\/\/fegrama.cat\/web\/wp-json\/wp\/v2\/media?parent=4856"}],"wp:term":[{"taxonomy":"category","embeddable":true,"href":"http:\/\/fegrama.cat\/web\/wp-json\/wp\/v2\/categories?post=4856"},{"taxonomy":"post_tag","embeddable":true,"href":"http:\/\/fegrama.cat\/web\/wp-json\/wp\/v2\/tags?post=4856"}],"curies":[{"name":"wp","href":"https:\/\/api.w.org\/{rel}","templated":true}]}}