{"id":4116,"date":"2014-05-12T10:48:30","date_gmt":"2014-05-12T08:48:30","guid":{"rendered":"http:\/\/fegrama.cat\/web\/?p=4116"},"modified":"2014-05-13T17:16:38","modified_gmt":"2014-05-13T15:16:38","slug":"el-lider-cadet-b-de-la-fegrama-guanya-la-lliga-despres-de-golejar-a-la-fundacio-esportiva-hospitalet-0-12","status":"publish","type":"post","link":"http:\/\/fegrama.cat\/web\/el-lider-cadet-b-de-la-fegrama-guanya-la-lliga-despres-de-golejar-a-la-fundacio-esportiva-hospitalet-0-12\/","title":{"rendered":"El l\u00edder Cadet B de la FEGrama guanya la lliga despr\u00e8s de golejar a la Fundaci\u00f3 Esportiva Hospitalet 0-12"},"content":{"rendered":"<p style=\"text-align: justify;\"><span style=\"color: #000000;\">El Cadet B de la FEGrama ha guanyat la lliga matem\u00e0ticament despr\u00e8s de guanyar els tres punts amb la golejada contra la Fundaci\u00f3n Esportiva Hospitalense per 0-12.<\/span><\/p>\n<p style=\"text-align: justify;\"><span style=\"color: #000000;\">Per\u00f2 lo que ha avant\u00e7at una jornada aquesta celebraci\u00f3 ha sigut la derrota del Guinard\u00f3 davant la Escola P\u00eda Sarri\u00e0 per 2-3 que incl\u00f2s fa baixar-los fins a la quarta posici\u00f3.<\/span><\/p>\n<p style=\"text-align: justify;\"><span style=\"color: #000000;\">El conjunt dirigit per \u00c1lex Abril aconsegueix consolidar aquest liderat de 22 jornades disputades, amb 57 punts amb unes marques molt bones com les 19 vict\u00f2ries i nom\u00e8s 3 derrotes.<\/span><\/p>\n<p style=\"text-align: justify;\"><span style=\"color: #000000;\">A la jornada seg\u00fcent, la 28, l&#8217;equip de la Fundaci\u00f3 Grama descansar\u00e0 per la retirada de la competici\u00f3 de la Zona Franca. Despr\u00e8s quedar\u00e0 jugar contra El Tiempo el dia 24 de maig i contra la Escola Collblanc Torrassa el dia 31 de maig.<\/span><br \/>\n<span style=\"color: #000000;\">Felicitats, de nou, Campions!!!<a href=\"http:\/\/fegrama.cat\/web\/wp-content\/uploads\/2014\/05\/fichaCAMPEON.jpg\"><img loading=\"lazy\" decoding=\"async\" class=\"aligncenter size-full wp-image-4123\" alt=\"fichaCAMPEON\" src=\"http:\/\/fegrama.cat\/web\/wp-content\/uploads\/2014\/05\/fichaCAMPEON.jpg\" width=\"746\" height=\"620\" \/><\/a> <a href=\"http:\/\/fegrama.cat\/web\/wp-content\/uploads\/2014\/05\/fichaCAMPEONclas.jpg\"><img loading=\"lazy\" decoding=\"async\" class=\"aligncenter size-full wp-image-4124\" alt=\"fichaCAMPEONclas\" src=\"http:\/\/fegrama.cat\/web\/wp-content\/uploads\/2014\/05\/fichaCAMPEONclas.jpg\" width=\"761\" height=\"591\" \/><\/a><\/span><\/p>\n<p style=\"text-align: justify;\"><span style=\"color: #000000;\"><img loading=\"lazy\" decoding=\"async\" alt=\"Cadet_B_presentacio_2013_FEG\" src=\"http:\/\/fegrama.cat\/web\/wp-content\/uploads\/2014\/04\/Cadet_B_presentacio_2013_FEG2.jpg\" width=\"640\" height=\"480\" \/><\/span><\/p>\n<p style=\"text-align: justify;\"><span style=\"color: #000000;\">[divider]<\/span><\/p>\n<p style=\"text-align: justify;\"><span style=\"color: #000000;\">[button color=\u00bbblue\u00bb size=\u00bbsmall\u00bb link=\u00bbhttp:\/\/www.fcf.cat\/pnfg\/NFG_CmpJornada?cod_primaria=1000120&amp;CodCompeticion=18473296&amp;CodGrupo=18576519&amp;CodTemporada=9&amp;CodJornada=10&#8243; target=\u00bbblank\u00bb ]Resultats[\/button]<\/span><\/p>\n<p style=\"text-align: justify;\"><span style=\"color: #000000;\">[button color=\u00bbblue\u00bb size=\u00bbsmall\u00bb link=\u00bbhttp:\/\/www.fcf.cat\/pnfg\/NPcd\/NFG_VisClasificacion?cod_primaria=1000120&amp;codgrupo=18576519&amp;codcompeticion=18473296&#8243; target=\u00bbblank\u00bb ]Classificaci\u00f3[\/button]<\/span><\/p>\n<p style=\"text-align: justify;\"><span style=\"color: #000000;\">El Cadete B de la FEGrama ha ganado la liga matem\u00e1ticamente despu\u00e9s de ganar los tres puntos con la goleada contra la Fundaci\u00f3n Deportiva Hospitalense por 0-12.<\/span><\/p>\n<p style=\"text-align: justify;\"><span style=\"color: #000000;\">Pero lo que ha adelant\u00e1ndose una jornada esta celebraci\u00f3n ha sido la derrota del Guinard\u00f3 ante la Escuela P\u00eda Sarri\u00e0 por 2-3 que incluso hace bajarlos hasta la cuarta posici\u00f3n.<\/span><\/p>\n<p style=\"text-align: justify;\"><span style=\"color: #000000;\">El conjunto dirigido por \u00c1lex Abril logra consolidar este liderazgo de 22 jornadas disputadas, con 57 puntos con unas marcas muy buenas como las 19 victorias y s\u00f3lo 3 derrotas.<\/span><\/p>\n<p style=\"text-align: justify;\"><span style=\"color: #000000;\">En la jornada siguiente, la 28, el equipo de la Fundaci\u00f3n Grama descansar\u00e1 por la retirada de la competici\u00f3n de la Zona Franca. Despu\u00e9s quedar\u00e1 jugar contra El Tiempo el d\u00eda 24 de mayo y contra la Escuela Collblanc Torrassa el d\u00eda 31 de mayo. <\/span><br \/>\n<span style=\"color: #000000;\">\u00a1Felicidades de nuevo Campeones!<\/span><\/p>\n<p style=\"text-align: justify;\"><span style=\"color: #000000;\"><strong>Visca l&#8217;Esperit Grama!!!<\/strong><\/span><\/p>\n<p style=\"text-align: justify;\"><span style=\"color: #000000;\">Text: @ChemaCarv<\/span>a<\/p>\n","protected":false},"excerpt":{"rendered":"<p>El Cadet B de la FEGrama ha guanyat la lliga matem\u00e0ticament despr\u00e8s de guanyar els tres punts amb la golejada contra la Fundaci\u00f3n Esportiva Hospitalense per 0-12. Per\u00f2 lo que ha avant\u00e7at una jornada aquesta celebraci\u00f3 ha sigut la derrota del Guinard\u00f3 davant la Escola P\u00eda Sarri\u00e0 per 2-3 que incl\u00f2s fa baixar-los fins a [&hellip;]<\/p>\n","protected":false},"author":1,"featured_media":0,"comment_status":"closed","ping_status":"closed","sticky":false,"template":"","format":"standard","meta":{"footnotes":""},"categories":[4,7],"tags":[],"class_list":["post-4116","post","type-post","status-publish","format-standard","hentry","category-base-inclusiu","category-cadets"],"_links":{"self":[{"href":"http:\/\/fegrama.cat\/web\/wp-json\/wp\/v2\/posts\/4116","targetHints":{"allow":["GET"]}}],"collection":[{"href":"http:\/\/fegrama.cat\/web\/wp-json\/wp\/v2\/posts"}],"about":[{"href":"http:\/\/fegrama.cat\/web\/wp-json\/wp\/v2\/types\/post"}],"author":[{"embeddable":true,"href":"http:\/\/fegrama.cat\/web\/wp-json\/wp\/v2\/users\/1"}],"replies":[{"embeddable":true,"href":"http:\/\/fegrama.cat\/web\/wp-json\/wp\/v2\/comments?post=4116"}],"version-history":[{"count":2,"href":"http:\/\/fegrama.cat\/web\/wp-json\/wp\/v2\/posts\/4116\/revisions"}],"predecessor-version":[{"id":4126,"href":"http:\/\/fegrama.cat\/web\/wp-json\/wp\/v2\/posts\/4116\/revisions\/4126"}],"wp:attachment":[{"href":"http:\/\/fegrama.cat\/web\/wp-json\/wp\/v2\/media?parent=4116"}],"wp:term":[{"taxonomy":"category","embeddable":true,"href":"http:\/\/fegrama.cat\/web\/wp-json\/wp\/v2\/categories?post=4116"},{"taxonomy":"post_tag","embeddable":true,"href":"http:\/\/fegrama.cat\/web\/wp-json\/wp\/v2\/tags?post=4116"}],"curies":[{"name":"wp","href":"https:\/\/api.w.org\/{rel}","templated":true}]}}