{"id":4089,"date":"2014-05-12T10:56:06","date_gmt":"2014-05-12T08:56:06","guid":{"rendered":"http:\/\/fegrama.cat\/web\/?p=4089"},"modified":"2014-05-12T10:56:06","modified_gmt":"2014-05-12T08:56:06","slug":"el-prebenjami-a-fegrama-es-consolida-segon-amb-la-victoria-per-golejada-a-casa-del-parc-0-6","status":"publish","type":"post","link":"http:\/\/fegrama.cat\/web\/el-prebenjami-a-fegrama-es-consolida-segon-amb-la-victoria-per-golejada-a-casa-del-parc-0-6\/","title":{"rendered":"El Prebenjam\u00ed A FEGrama es consolida segon amb la vict\u00f2ria per golejada a casa del Parc (0-6)"},"content":{"rendered":"<p style=\"text-align: justify;\"><span style=\"color: #000000;\">El Prebenjam\u00ed A FEGrama que va perdre provisionalment el liderat al partit contra el tercer, la Penya Barcelonista Collblanc Sants, per un ajustad\u00edssim resultat de 3-4, ha tornat a guanyar i consolidarse segon amb la vict\u00f2ria per golejada a casa del Parc (0-6).<\/span><\/p>\n<p style=\"text-align: justify;\"><span style=\"color: #000000;\">Isaac Requena va comen\u00e7ar aviat marcant per els de Santa Coloma i Eric Garc\u00eda faria immediatament el 0-2. Dos gols m\u00e9s d&#8217;H\u00e9ctor Linde deixaven un parcial de 0-4. El segon d&#8217;Eric Garcia era la maneta i el tercer d&#8217;H\u00e9ctor el definitiu resultat de 0-6.<\/span><\/p>\n<p style=\"text-align: justify;\"><span style=\"color: #000000;\">Resten ara tres partits i els joves jugadors dirigits per Jonathan Serrat, entrenador del Prebenjam\u00ed A FEGrama, a la jornada 28, el conjunt de la FEG rebr\u00e0 a Santa Coloma al Don Bosco, nov\u00e8 classificat amb 28 punts, el diumenge 18 de maig des de les 10:00 hores.<\/span><\/p>\n<p style=\"text-align: justify;\"><span style=\"color: #000000;\">Despr\u00e8s queden dos partits, en teoria sense complicacions com el Martinenc i el Performance.<a href=\"http:\/\/fegrama.cat\/web\/wp-content\/uploads\/2014\/05\/jornada27taula.jpg\"><img loading=\"lazy\" decoding=\"async\" class=\"aligncenter size-full wp-image-4092\" alt=\"jornada27taula\" src=\"http:\/\/fegrama.cat\/web\/wp-content\/uploads\/2014\/05\/jornada27taula.jpg\" width=\"758\" height=\"680\" \/><\/a> <a href=\"http:\/\/fegrama.cat\/web\/wp-content\/uploads\/2014\/05\/jornada27taulac1.jpg\"><img loading=\"lazy\" decoding=\"async\" class=\"aligncenter size-full wp-image-4093\" alt=\"jornada27taulac\" src=\"http:\/\/fegrama.cat\/web\/wp-content\/uploads\/2014\/05\/jornada27taulac1.jpg\" width=\"746\" height=\"495\" \/><\/a><\/span><\/p>\n<p style=\"text-align: justify;\"><span style=\"color: #000000;\"><a href=\"http:\/\/fegrama.cat\/web\/wp-content\/uploads\/2014\/04\/PreBenjami_A_presentacio_2013_FUNDACIOGRAMA0473.jpg\"><span style=\"color: #000000;\"><img loading=\"lazy\" decoding=\"async\" alt=\"PreBenjami_A_presentacio_2013_FUNDACIOGRAMA047\" src=\"http:\/\/fegrama.cat\/web\/wp-content\/uploads\/2014\/04\/PreBenjami_A_presentacio_2013_FUNDACIOGRAMA0473.jpg\" width=\"644\" height=\"318\" \/><\/span><\/a><\/span><\/p>\n<p style=\"text-align: justify;\"><span style=\"color: #000000;\">[divider]<\/span><\/p>\n<p style=\"text-align: justify;\"><span style=\"color: #000000;\">[button color=\u00bbblue\u00bb size=\u00bbsmall\u00bb link=\u00bbhttp:\/\/www.fcf.cat\/pnfg\/NPcd\/NFG_VisClasificacion?cod_primaria=1000120&amp;codgrupo=18700796&amp;codcompeticion=18473321&#8243; target=\u00bbblank\u00bb ]Resultats[\/button]<\/span><\/p>\n<p style=\"text-align: justify;\"><span style=\"color: #000000;\">[button color=\u00bbblue\u00bb size=\u00bbsmall\u00bb link=\u00bbhttp:\/\/www.fcf.cat\/pnfg\/NFG_CmpJornada?cod_primaria=1000120&amp;CodCompeticion=18473321&amp;CodGrupo=18700796&amp;CodTemporada=9&amp;CodJornada=10&#8243; target=\u00bbblank\u00bb ]Classificaci\u00f3[\/button]<\/span><\/p>\n<p style=\"text-align: justify;\"><span style=\"color: #000000;\">El Prebenjam\u00edn A FEGrama que perdi\u00f3 provisionalmente el liderato al partido contra el tercero, la Pe\u00f1a Barcelonista Collblanc Santos, por un ajustad\u00edsimo resultado de 3-4, ha vuelto a ganar y consolidarse segundo con la victoria por goleada en casa del Parque (0 &#8211; 6).<\/span><\/p>\n<p style=\"text-align: justify;\"><span style=\"color: #000000;\">Isaac Requena comenz\u00f3 pronto marcando para los de Santa Coloma y Eric Garc\u00eda har\u00eda inmediatamente el 0-2. Dos goles m\u00e1s de H\u00e9ctor Linde dejaban un parcial de 0-4. El segundo de Eric Garcia era la manija y el tercero de H\u00e9ctor el definitivo resultado de 0-6.<\/span><\/p>\n<p style=\"text-align: justify;\"><span style=\"color: #000000;\">Quedan ahora tres partidos y los j\u00f3venes jugadores dirigidos por Jonathan Serrat, entrenador del Prebenjam\u00edn A FEGRAM, en la jornada 28, el conjunto de la FEG recibir\u00e1 en Santa Coloma en Don Bosco, noveno clasificado con 28 puntos, el domingo 18 de mayo desde las 10:00 horas.<\/span><\/p>\n<p style=\"text-align: justify;\"><span style=\"color: #000000;\">Despu\u00e9s quedan dos partidos, en teor\u00eda sin complicaciones como el Martinenc y el Performance.<\/span><\/p>\n<p style=\"text-align: justify;\"><span style=\"color: #000000;\"><strong>Visca l&#8217;Esperit de la Grama!!!<\/strong><\/span><\/p>\n<p style=\"text-align: justify;\"><span style=\"color: #000000;\">text: @ChemaCarva<\/span><\/p>\n","protected":false},"excerpt":{"rendered":"<p>El Prebenjam\u00ed A FEGrama que va perdre provisionalment el liderat al partit contra el tercer, la Penya Barcelonista Collblanc Sants, per un ajustad\u00edssim resultat de 3-4, ha tornat a guanyar i consolidarse segon amb la vict\u00f2ria per golejada a casa del Parc (0-6). Isaac Requena va comen\u00e7ar aviat marcant per els de Santa Coloma i [&hellip;]<\/p>\n","protected":false},"author":1,"featured_media":0,"comment_status":"closed","ping_status":"closed","sticky":false,"template":"","format":"standard","meta":{"footnotes":""},"categories":[4,12],"tags":[],"class_list":["post-4089","post","type-post","status-publish","format-standard","hentry","category-base-inclusiu","category-prebenjamins"],"_links":{"self":[{"href":"http:\/\/fegrama.cat\/web\/wp-json\/wp\/v2\/posts\/4089","targetHints":{"allow":["GET"]}}],"collection":[{"href":"http:\/\/fegrama.cat\/web\/wp-json\/wp\/v2\/posts"}],"about":[{"href":"http:\/\/fegrama.cat\/web\/wp-json\/wp\/v2\/types\/post"}],"author":[{"embeddable":true,"href":"http:\/\/fegrama.cat\/web\/wp-json\/wp\/v2\/users\/1"}],"replies":[{"embeddable":true,"href":"http:\/\/fegrama.cat\/web\/wp-json\/wp\/v2\/comments?post=4089"}],"version-history":[{"count":1,"href":"http:\/\/fegrama.cat\/web\/wp-json\/wp\/v2\/posts\/4089\/revisions"}],"predecessor-version":[{"id":4095,"href":"http:\/\/fegrama.cat\/web\/wp-json\/wp\/v2\/posts\/4089\/revisions\/4095"}],"wp:attachment":[{"href":"http:\/\/fegrama.cat\/web\/wp-json\/wp\/v2\/media?parent=4089"}],"wp:term":[{"taxonomy":"category","embeddable":true,"href":"http:\/\/fegrama.cat\/web\/wp-json\/wp\/v2\/categories?post=4089"},{"taxonomy":"post_tag","embeddable":true,"href":"http:\/\/fegrama.cat\/web\/wp-json\/wp\/v2\/tags?post=4089"}],"curies":[{"name":"wp","href":"https:\/\/api.w.org\/{rel}","templated":true}]}}