{"id":4081,"date":"2014-05-12T10:45:53","date_gmt":"2014-05-12T08:45:53","guid":{"rendered":"http:\/\/fegrama.cat\/web\/?p=4081"},"modified":"2014-05-12T10:45:53","modified_gmt":"2014-05-12T08:45:53","slug":"el-juvenil-b-de-la-fegrama-remunta-a-casa-del-perseguidor-apa-poble-sec-per-2-3","status":"publish","type":"post","link":"http:\/\/fegrama.cat\/web\/el-juvenil-b-de-la-fegrama-remunta-a-casa-del-perseguidor-apa-poble-sec-per-2-3\/","title":{"rendered":"El Juvenil B de la FEGrama remunta a casa del perseguidor APA Poble Sec per 2-3"},"content":{"rendered":"<p style=\"text-align: justify;\"><span style=\"color: #000000;\">Gran partit el disputat pel Juvenil B de la FEGrama al camp del APA Poble Sec, rival directe a la classificaci\u00f3 a nom\u00e9s 5 punts despr\u00e8s d&#8217;aquest triomf final de 2-3.<\/span><\/p>\n<p style=\"text-align: justify;\"><span style=\"color: #000000;\">Tot i comen\u00e7ar rebent un gol en contra de penal al minut 5, Erick Aceves va empatar per la Fundaci\u00f3 Grama al minut 26. Aix\u00ed s&#8217;arribaria al descans al Municipal La Satalia on a la segona part es va apretar m\u00e9s i Jaime Ju\u00e1rez va aconseguir molt aviat avant\u00e7ar al conjunt de Santa Coloma (1-2).<\/span><\/p>\n<p style=\"text-align: justify;\"><span style=\"color: #000000;\">El gol de la vict\u00f2ria i els tres punts seria a c\u00e0rrec de V\u00edctor Guti\u00e9rrez a falta de mitja hora de partit on finalment el resultat de 2-3 queia pel conjunt colomenc.<\/span><\/p>\n<p style=\"text-align: justify;\"><span style=\"color: #000000;\">A falta nom\u00e8s de tres jornades per a la finalitzaci\u00f3 de la lliga, a la jornada 28 el conjunt de la Fundaci\u00f3 Grama dirigit per Javi Murillo i Tito Arcas tindr\u00e0 una altra final a Santa Coloma aquest cop davant la Fundaci\u00f3n Atletic Poble Sec, set\u00e8 classificat amb 33 punts, al Municipal La Satalia, el diumenge 18 de maig des de les 14:15 hores.<a href=\"http:\/\/fegrama.cat\/web\/wp-content\/uploads\/2014\/05\/jornada27taulac.jpg\"><img loading=\"lazy\" decoding=\"async\" class=\"aligncenter size-full wp-image-4085\" alt=\"jornada27taulac\" src=\"http:\/\/fegrama.cat\/web\/wp-content\/uploads\/2014\/05\/jornada27taulac.jpg\" width=\"747\" height=\"673\" \/><\/a> <a href=\"http:\/\/fegrama.cat\/web\/wp-content\/uploads\/2014\/05\/jornada27taulacc.jpg\"><img loading=\"lazy\" decoding=\"async\" class=\"aligncenter size-full wp-image-4086\" alt=\"jornada27taulacc\" src=\"http:\/\/fegrama.cat\/web\/wp-content\/uploads\/2014\/05\/jornada27taulacc.jpg\" width=\"762\" height=\"652\" \/><\/a><\/span><\/p>\n<p style=\"text-align: justify;\"><span style=\"color: #000000;\"><a href=\"http:\/\/fegrama.cat\/web\/wp-content\/uploads\/2014\/04\/Juvenil_B_presentacio_2013_FUNDACIOGRAMA0333.jpg\"><span style=\"color: #000000;\"><img loading=\"lazy\" decoding=\"async\" alt=\"Juvenil_B_presentacio_2013_FUNDACIOGRAMA033\" src=\"http:\/\/fegrama.cat\/web\/wp-content\/uploads\/2014\/04\/Juvenil_B_presentacio_2013_FUNDACIOGRAMA0333.jpg\" width=\"640\" height=\"480\" \/><\/span><\/a><\/span><\/p>\n<p style=\"text-align: justify;\"><span style=\"color: #000000;\">[divider]<\/span><\/p>\n<p style=\"text-align: justify;\"><span style=\"color: #000000;\">[button color=\u00bbblue\u00bb size=\u00bbsmall\u00bb link=\u00bbhttp:\/\/www.fcf.cat\/pnfg\/NFG_CmpJornada?cod_primaria=1000120&amp;CodCompeticion=18473289&amp;CodGrupo=18563099&amp;CodTemporada=9&amp;CodJornada=10&#8243; target=\u00bbblank\u00bb ]Resultats[\/button]<\/span><\/p>\n<p style=\"text-align: justify;\"><span style=\"color: #000000;\">[button color=\u00bbblue\u00bb size=\u00bbsmall\u00bb link=\u00bbhttp:\/\/www.fcf.cat\/pnfg\/NPcd\/NFG_VisClasificacion?cod_primaria=1000120&amp;codgrupo=18563099&amp;codcompeticion=18473289&#8243; target=\u00bbblank\u00bb ]Classificaci\u00f3[\/button]<\/span><\/p>\n<p style=\"text-align: justify;\"><span style=\"color: #000000;\">Gran partido el disputado por el Juvenil B de la FEGRAM el campo del APA Poble Sec, rival directo en la clasificaci\u00f3n a s\u00f3lo 5 puntos despu\u00e9s de este triunfo final de 2-3.<\/span><\/p>\n<p style=\"text-align: justify;\"><span style=\"color: #000000;\">Aunque comenz\u00f3 recibiendo un gol en contra de penalti en el minuto 5, Erick Aceves empat\u00f3 por la Fundaci\u00f3n Grama en el minuto 26. As\u00ed se llegar\u00eda al descanso en el Municipal La Satalia donde en la segunda parte se apret\u00f3 m\u00e1s y Jaime Ju\u00e1rez logr\u00f3 muy pronto adelant\u00e1ndose al conjunto de Santa Coloma (1-2).<\/span><\/p>\n<p style=\"text-align: justify;\"><span style=\"color: #000000;\">El gol de la victoria y los tres puntos ser\u00eda a cargo de V\u00edctor Guti\u00e9rrez a falta de media hora de partido donde finalmente el resultado de 2-3 ca\u00eda por el conjunto colomense.<\/span><\/p>\n<p style=\"text-align: justify;\"><span style=\"color: #000000;\">A falta s\u00f3lo de tres jornadas para la finalizaci\u00f3n de la liga, en la jornada 28 el conjunto de la Fundaci\u00f3n Grama dirigido por\u00a0Javi Murillo y Tito Arcas\u00a0tendr\u00e1 otra final en Santa Coloma esta vez ante la Fundaci\u00f3n Atletic Poble Sec, s\u00e9ptimo clasificado con 33 puntos, en el Municipal La Satalia , el domingo 18 de mayo desde las 14:15 horas.<\/span><\/p>\n<p style=\"text-align: justify;\"><span style=\"color: #000000;\"><strong>Visca l&#8217;Esperit Grama!!!<\/strong><\/span><\/p>\n<p style=\"text-align: justify;\"><span style=\"color: #000000;\">text: @ChemaCarva<\/span><\/p>\n","protected":false},"excerpt":{"rendered":"<p>Gran partit el disputat pel Juvenil B de la FEGrama al camp del APA Poble Sec, rival directe a la classificaci\u00f3 a nom\u00e9s 5 punts despr\u00e8s d&#8217;aquest triomf final de 2-3. Tot i comen\u00e7ar rebent un gol en contra de penal al minut 5, Erick Aceves va empatar per la Fundaci\u00f3 Grama al minut 26. [&hellip;]<\/p>\n","protected":false},"author":1,"featured_media":0,"comment_status":"closed","ping_status":"closed","sticky":false,"template":"","format":"standard","meta":{"footnotes":""},"categories":[4,6],"tags":[],"class_list":["post-4081","post","type-post","status-publish","format-standard","hentry","category-base-inclusiu","category-juvenils"],"_links":{"self":[{"href":"http:\/\/fegrama.cat\/web\/wp-json\/wp\/v2\/posts\/4081","targetHints":{"allow":["GET"]}}],"collection":[{"href":"http:\/\/fegrama.cat\/web\/wp-json\/wp\/v2\/posts"}],"about":[{"href":"http:\/\/fegrama.cat\/web\/wp-json\/wp\/v2\/types\/post"}],"author":[{"embeddable":true,"href":"http:\/\/fegrama.cat\/web\/wp-json\/wp\/v2\/users\/1"}],"replies":[{"embeddable":true,"href":"http:\/\/fegrama.cat\/web\/wp-json\/wp\/v2\/comments?post=4081"}],"version-history":[{"count":1,"href":"http:\/\/fegrama.cat\/web\/wp-json\/wp\/v2\/posts\/4081\/revisions"}],"predecessor-version":[{"id":4088,"href":"http:\/\/fegrama.cat\/web\/wp-json\/wp\/v2\/posts\/4081\/revisions\/4088"}],"wp:attachment":[{"href":"http:\/\/fegrama.cat\/web\/wp-json\/wp\/v2\/media?parent=4081"}],"wp:term":[{"taxonomy":"category","embeddable":true,"href":"http:\/\/fegrama.cat\/web\/wp-json\/wp\/v2\/categories?post=4081"},{"taxonomy":"post_tag","embeddable":true,"href":"http:\/\/fegrama.cat\/web\/wp-json\/wp\/v2\/tags?post=4081"}],"curies":[{"name":"wp","href":"https:\/\/api.w.org\/{rel}","templated":true}]}}